{"id":63281,"date":"2019-10-04T13:04:34","date_gmt":"2019-10-04T17:04:34","guid":{"rendered":"https:\/\/linitiative.ca\/International\/hdjar-el-baz-decroche-le-premier-prix-du-festival-international-du-film-documentaire-sidi-mhamed-benaouda\/"},"modified":"2019-10-04T13:04:34","modified_gmt":"2019-10-04T17:04:34","slug":"hdjar-el-baz-decroche-le-premier-prix-du-festival-international-du-film-documentaire-sidi-mhamed-benaouda","status":"publish","type":"post","link":"https:\/\/linitiative.ca\/International\/hdjar-el-baz-decroche-le-premier-prix-du-festival-international-du-film-documentaire-sidi-mhamed-benaouda\/","title":{"rendered":"\u00ab\u00a0Hdjar El Baz\u00a0\u00bb d\u00e9croche le premier prix du Festival international du film documentaire \u00ab\u00a0Sidi M&rsquo;hamed Benaouda\u00a0\u00bb  \u00a0"},"content":{"rendered":"<div>\n<div class=\"K2FeedImage\"><img decoding=\"async\" src=\"http:\/\/www.aps.dz\/media\/k2\/items\/cache\/6978dca5fd684e339974aefadc430ca2_S.jpg\" alt=\"\" hdjar el baz d le premier prix du festival international film documentaire m benaouda><\/div>\n<div class=\"K2FeedIntroText\">\n<p>\u00a0<\/p>\n<p><strong>Relizane- Le Film \u00ab\u00a0Hdjar El Baz\u00a0\u00bb r\u00e9alis\u00e9 par une \u00e9quipe de tournage alg\u00e9rienne de la wilaya de Annaba a d\u00e9croch\u00e9 le premier prix du Festival international du film documentaire \u00ab\u00a0Sidi M&rsquo;hamed Benaouda qui a\u00a0\u00e9t\u00e9 cl\u00f4tur\u00e9 jeudi soir.<\/strong><\/p>\n<\/div>\n<div class=\"K2FeedFullText\">\n<p>Le deuxi\u00e8me prix a \u00e9t\u00e9 attribu\u00e9 au film \u00ab\u00a0Kadrine\u00a0\u00bb qui a \u00e9t\u00e9 r\u00e9alis\u00e9 par une \u00e9quipe de tournage de Tunisie. Le troisi\u00e8me prix a, quant \u00e0 lui, \u00e9t\u00e9 remport\u00e9 par le film \u00ab\u00a0Rouh wa Rayhane\u00a0\u00bb r\u00e9alis\u00e9 par une \u00e9quipe\u00a0alg\u00e9ro-y\u00e9m\u00e9nite.<\/p>\n<p>Le Film \u00ab\u00a0Netwaadou\u00a0\u00bb a obtenu le prix du jury qui a \u00e9t\u00e9 pr\u00e9sid\u00e9 par Salim Agar et le r\u00e9alisateur Khaled El Kebbiyeche. Les films \u00ab\u00a0El Mitrak\u00a0\u00bb et \u00ab\u00a0Mamoue Etaswir\u00a0\u00bb ont obtenu le prix d&rsquo;encouragement.<\/p>\n<p>Le prix de la meilleure photo a \u00e9t\u00e9 attribu\u00e9 \u00e0 la photographe alg\u00e9rienne Ikram Baroudi pour une photo montrant trois cavaliers tirer \u00e0 l\u2019unisson es de baroud durant la fantasia organis\u00e9e lors de la waada du saint patron Sidi M&rsquo;hamed Benaouda.<\/p>\n<p>14 films documentaires, tourn\u00e9s lors de la waada du saint patron Sidi M&rsquo;hamed Benaoud qui a d\u00e9but\u00e9 mardi et prendra fin ce vendredi, \u00e9taient en lice pour ce concours.<\/p>\n<p>\u00a0La premi\u00e8re \u00e9dition de ce festival a pour objectif faire connaitre le saint patron \u00ab\u00a0Sidi M&rsquo;hamed Benaouda\u00a0\u00bb, son histoire, la waada annuelle qui lui est d\u00e9di\u00e9e, sa tribu et faire la promotion du tourisme culturel et du patrimoine de la r\u00e9gion de Relizane, a d\u00e9clar\u00e9 \u00e0 l&rsquo;APS le pr\u00e9sident de cette manifestation, Ahmed Sa\u00efdi.<\/p>\n<p>Organis\u00e9e par l&rsquo;association \u00ab\u00a0Zaitouna\u00a0\u00bb en coordination avec le minist\u00e8re de la Culture, Le festival international du film documentaire \u00ab\u00a0Sidi M&rsquo;hamed Benaouda\u00a0\u00bb a vu la participation d&rsquo;experts et de sp\u00e9cialistes du monde cin\u00e9matographique nationaux et \u00e9trangers.<\/p>\n<p>\u00a0<\/p>\n<\/div>\n<\/div>\n<p>Auteur:<br \/>\n<a href=\"http:\/\/www.aps.dz\/culture\/95190-hdjar-el-baz-decroche-le-premier-prix-du-festival-international-du-film-documentaire-sidi-m-hamed-benaouda\">Cliquez ici pour lire l&rsquo;article depuis sa source.<\/a><\/p>\n","protected":false},"excerpt":{"rendered":"<p>\u00a0 Relizane- Le Film \u00ab\u00a0Hdjar El Baz\u00a0\u00bb r\u00e9alis\u00e9 par une \u00e9quipe de tournage alg\u00e9rienne de la wilaya de Annaba a d\u00e9croch\u00e9 le premier prix du Festival international du film documentaire \u00ab\u00a0Sidi M&rsquo;hamed Benaouda qui a\u00a0\u00e9t\u00e9 cl\u00f4tur\u00e9 jeudi soir. Le deuxi\u00e8me prix a \u00e9t\u00e9 attribu\u00e9 au film \u00ab\u00a0Kadrine\u00a0\u00bb qui a \u00e9t\u00e9 r\u00e9alis\u00e9 par une \u00e9quipe de [&hellip;]<\/p>\n","protected":false},"author":1790,"featured_media":63282,"comment_status":"closed","ping_status":"closed","sticky":false,"template":"","format":"standard","meta":{"fifu_image_url":"","fifu_image_alt":"","footnotes":""},"categories":[53,79],"tags":[],"class_list":["post-63281","post","type-post","status-publish","format-standard","has-post-thumbnail","hentry","category-algerie","category-culture"],"_links":{"self":[{"href":"https:\/\/linitiative.ca\/International\/wp-json\/wp\/v2\/posts\/63281","targetHints":{"allow":["GET"]}}],"collection":[{"href":"https:\/\/linitiative.ca\/International\/wp-json\/wp\/v2\/posts"}],"about":[{"href":"https:\/\/linitiative.ca\/International\/wp-json\/wp\/v2\/types\/post"}],"author":[{"embeddable":true,"href":"https:\/\/linitiative.ca\/International\/wp-json\/wp\/v2\/users\/1790"}],"replies":[{"embeddable":true,"href":"https:\/\/linitiative.ca\/International\/wp-json\/wp\/v2\/comments?post=63281"}],"version-history":[{"count":0,"href":"https:\/\/linitiative.ca\/International\/wp-json\/wp\/v2\/posts\/63281\/revisions"}],"wp:featuredmedia":[{"embeddable":true,"href":"https:\/\/linitiative.ca\/International\/wp-json\/"}],"wp:attachment":[{"href":"https:\/\/linitiative.ca\/International\/wp-json\/wp\/v2\/media?parent=63281"}],"wp:term":[{"taxonomy":"category","embeddable":true,"href":"https:\/\/linitiative.ca\/International\/wp-json\/wp\/v2\/categories?post=63281"},{"taxonomy":"post_tag","embeddable":true,"href":"https:\/\/linitiative.ca\/International\/wp-json\/wp\/v2\/tags?post=63281"}],"curies":[{"name":"wp","href":"https:\/\/api.w.org\/{rel}","templated":true}]}}