{"id":63283,"date":"2019-10-04T13:04:37","date_gmt":"2019-10-04T17:04:37","guid":{"rendered":"https:\/\/linitiative.ca\/International\/la-discrimination-dans-le-comics-americain-a-touche-les-femmes-plus-que-les-minorites-ethniques\/"},"modified":"2019-10-04T13:04:37","modified_gmt":"2019-10-04T17:04:37","slug":"la-discrimination-dans-le-comics-americain-a-touche-les-femmes-plus-que-les-minorites-ethniques","status":"publish","type":"post","link":"https:\/\/linitiative.ca\/International\/la-discrimination-dans-le-comics-americain-a-touche-les-femmes-plus-que-les-minorites-ethniques\/","title":{"rendered":"La discrimination dans le Comics am\u00e9ricain a touch\u00e9 les femmes plus que les minorit\u00e9s ethniques"},"content":{"rendered":"<div>\n<div class=\"K2FeedImage\"><img decoding=\"async\" src=\"http:\/\/www.aps.dz\/media\/k2\/items\/cache\/3905c984d9cbe84e7a44cdd67c0bf3c1_S.jpg\" alt=\"La discrimination dans le Comics am\u00e9ricain a touch\u00e9 les femmes plus que les minorit\u00e9s ethniques\"><\/div>\n<div class=\"K2FeedIntroText\">\n<p><strong>ALGER &#8211; Des artistes am\u00e9ricains participants au <a href=\"http:\/\/www.aps.dz\/culture\/94952-festival-international-de-la-bande-dessinee-d-alger-90-artistes-de-15-pays\" target=\"_blank\" rel=\"noopener noreferrer\">12e Festival international de la bande dessin\u00e9e d&rsquo;Alger (FIBDA)<\/a>, ouvert mardi \u00e0 Alger, ont indiqu\u00e9 que la discrimination dans le \u00ab\u00a0Comics\u00a0\u00bb am\u00e9ricain a touch\u00e9 les femmes plus que les minorit\u00e9s ethniques, mais sont toutefois bien repr\u00e9sent\u00e9es aujourd&rsquo;hui.<\/strong><\/p>\n<\/div>\n<div class=\"K2FeedFullText\">\n<p>Alitha Martinez et Chuck Collins de New York, tous deux d&rsquo;origine africaine, ont d\u00e9clar\u00e9 que le \u00ab\u00a0Comics\u00a0\u00bb am\u00e9ricain a connu, \u00e0 travers sa longue histoire, \u00ab\u00a0un manque\u00a0\u00bb de repr\u00e9sentation des afro-am\u00e9ricains et \u00ab\u00a0une discrimination\u00a0\u00bb \u00e0 l&rsquo;encontre des femmes, mais sont toutefois bien repr\u00e9sent\u00e9s gr\u00e2ce au \u00ab\u00a0combat\u00a0\u00bb culturel d&rsquo;artistes d&rsquo;origine africaine.<\/p>\n<p>Pour la dessinatrice Martinez, la femme a longtemps \u00e9t\u00e9 absente dans l&rsquo;industrie de la Bande dessin\u00e9e am\u00e9ricaine, ajoutant qu&rsquo;il y avait au d\u00e9but de son parcours, il y a pr\u00e8s de 20 ans, une seule femme de race blanche dans le monde du 9\u00e8me art et aucune femme de race noire. Elle a indiqu\u00e9 avoir \u00e9t\u00e9 \u00ab\u00a0la premi\u00e8re femme de race noire\u00a0\u00bb \u00e0 travailler avec Marvel cr\u00e9\u00e9 en 1939.<\/p>\n<p>Elle s&rsquo;est dit honor\u00e9e d&rsquo;\u00eatre une partie du patrimoine de la soci\u00e9t\u00e9 \u00ab\u00a0Marvel\u00a0\u00bb.<\/p>\n<p>Elle a \u00e9galement ni\u00e9 \u00ab\u00a0l&rsquo;existence d&rsquo;une discrimination franche\u00a0\u00bb \u00e0 l&rsquo;\u00e9gard des afro-am\u00e9ricains dans les Comics am\u00e9ricain, soulignant que \u00ab\u00a0la discrimination ciblait uniquement les femmes\u00a0\u00bb.<\/p>\n<p>Martinez, originaire des Antilles n\u00e9erlandaises, qui participe pour la deuxi\u00e8me fois au FIBDA a acc\u00e9d\u00e9, dans les ann\u00e9es 90, au 9e art en tant qu&rsquo;artiste autodidacte. A ses d\u00e9buts, elle tente d&rsquo;acc\u00e9der \u00e0 \u00ab\u00a0l&rsquo;\u00e9cole des arts visuels\u00a0\u00bb de Manhattan au milieu des ann\u00e9es 90 mais n&rsquo;y est pas parvenu parce qu&rsquo;elle \u00e9tait femme.<\/p>\n<hr>\n<h3>Lire aussi:\u00a0<a href=\"http:\/\/www.aps.dz\/culture\/95081-fibda-2019-forte-affluence-des-les-premieres-heures\" target=\"_blank\" rel=\"noopener noreferrer\">FIBDA 2019 : Forte affluence d\u00e8s les premi\u00e8res heures<\/a><\/h3>\n<hr>\n<p>Cet artiste a publi\u00e9 plusieurs albums qui ont r\u00e9alis\u00e9 des succ\u00e8s artistiques et commerciales, tant avec \u00ab\u00a0Marvel\u00a0\u00bb qu&rsquo;avec d&rsquo;autres \u00e0 l&rsquo;instar d'\u00a0\u00bbIron Man\u00a0\u00bb, \u00ab\u00a0Moon Girl and Devil Dinosaur\u00a0\u00bb, \u00ab\u00a0Omni\u00a0\u00bb et \u00ab\u00a0Black Panther: World of Wakanda\u00a0\u00bb.<\/p>\n<p>Pour sa part, le dessinateur et sc\u00e9nariste, Collins, qui publie principalement sur internet a indiqu\u00e9 que la pr\u00e9sence des afro-am\u00e9ricains dans le \u00ab\u00a0Comics\u00a0\u00bb am\u00e9ricain remontait \u00e0 loin mais de fa\u00e7on tr\u00e8s limit\u00e9e, rappelant que \u00ab\u00a0Blade\u00a0\u00bb (1973) \u00e9tait parmi les succ\u00e8s de Marvel dont le h\u00e9ro est d&rsquo;origine africaine.<\/p>\n<p>M. Collins qui visite l&rsquo;Alg\u00e9rie pour la premi\u00e8re fois a relev\u00e9 qu&rsquo;un nombre important d&rsquo;artistes am\u00e9ricains d&rsquo;origine africaine repr\u00e9sentent aujourd&rsquo;hui leur origine ethnique \u00e0 travers des h\u00e9ros et des h\u00e9ro\u00efnes, mettant en avant le r\u00f4le des nouvelles technologies et d&rsquo;internet qui ont permis aux artistes de produire et de commercialiser leurs cr\u00e9ations sans recourir aux grandes soci\u00e9t\u00e9s de comics.<\/p>\n<p>Sp\u00e9cialis\u00e9 dans les \u0153uvres satiriques, cet artiste a indiqu\u00e9 que ce changement n&rsquo;est pas intervenu suite \u00e0 une soudaine d\u00e9cision prise par les soci\u00e9t\u00e9s de Comics mais apr\u00e8s un combat culturel et artistique ayant touch\u00e9 la bande dessin\u00e9e et les autres arts audio visuels ou \u00e9crits aux Etats-Unis, ajoutant que l&rsquo;apparition de super h\u00e9ros d&rsquo;origine africaine \u00e0 l&rsquo;instar de \u00ab\u00a0Black Panther\u00a0\u00bb ,qui a eu un succ\u00e8s mondial notamment apr\u00e8s son adaptation sur les grands \u00e9crans en 2018, avait une grande symbolique aux Etats Unis.<\/p>\n<p>Collins figure parmi les artistes ayant choisi de faire la promotion de leurs cr\u00e9ations sur internet. Il est connu pour sa s\u00e9rie \u00ab\u00a0Bounce\u00a0\u00bb et toutes ses \u0153uvres repr\u00e9sentent des personnages d&rsquo;origine africaine.<\/p>\n<p>Le 12e FIBDA se poursuivra jusqu&rsquo;au samedi prochain avec plusieurs activit\u00e9s inscrites au programme.<\/p>\n<\/div>\n<\/div>\n<p>Auteur:<br \/>\n<a href=\"http:\/\/www.aps.dz\/culture\/95198-la-discrimination-dans-le-comics-americain-a-touche-les-femmes-plus-que-les-minorites-ethniques\">Cliquez ici pour lire l&rsquo;article depuis sa source.<\/a><\/p>\n","protected":false},"excerpt":{"rendered":"<p>ALGER &#8211; Des artistes am\u00e9ricains participants au 12e Festival international de la bande dessin\u00e9e d&rsquo;Alger (FIBDA), ouvert mardi \u00e0 Alger, ont indiqu\u00e9 que la discrimination dans le \u00ab\u00a0Comics\u00a0\u00bb am\u00e9ricain a touch\u00e9 les femmes plus que les minorit\u00e9s ethniques, mais sont toutefois bien repr\u00e9sent\u00e9es aujourd&rsquo;hui. Alitha Martinez et Chuck Collins de New York, tous deux d&rsquo;origine [&hellip;]<\/p>\n","protected":false},"author":1790,"featured_media":63284,"comment_status":"closed","ping_status":"closed","sticky":false,"template":"","format":"standard","meta":{"fifu_image_url":"","fifu_image_alt":"","footnotes":""},"categories":[53,79],"tags":[],"class_list":["post-63283","post","type-post","status-publish","format-standard","has-post-thumbnail","hentry","category-algerie","category-culture"],"_links":{"self":[{"href":"https:\/\/linitiative.ca\/International\/wp-json\/wp\/v2\/posts\/63283","targetHints":{"allow":["GET"]}}],"collection":[{"href":"https:\/\/linitiative.ca\/International\/wp-json\/wp\/v2\/posts"}],"about":[{"href":"https:\/\/linitiative.ca\/International\/wp-json\/wp\/v2\/types\/post"}],"author":[{"embeddable":true,"href":"https:\/\/linitiative.ca\/International\/wp-json\/wp\/v2\/users\/1790"}],"replies":[{"embeddable":true,"href":"https:\/\/linitiative.ca\/International\/wp-json\/wp\/v2\/comments?post=63283"}],"version-history":[{"count":0,"href":"https:\/\/linitiative.ca\/International\/wp-json\/wp\/v2\/posts\/63283\/revisions"}],"wp:featuredmedia":[{"embeddable":true,"href":"https:\/\/linitiative.ca\/International\/wp-json\/"}],"wp:attachment":[{"href":"https:\/\/linitiative.ca\/International\/wp-json\/wp\/v2\/media?parent=63283"}],"wp:term":[{"taxonomy":"category","embeddable":true,"href":"https:\/\/linitiative.ca\/International\/wp-json\/wp\/v2\/categories?post=63283"},{"taxonomy":"post_tag","embeddable":true,"href":"https:\/\/linitiative.ca\/International\/wp-json\/wp\/v2\/tags?post=63283"}],"curies":[{"name":"wp","href":"https:\/\/api.w.org\/{rel}","templated":true}]}}