{"id":63287,"date":"2019-10-04T09:51:00","date_gmt":"2019-10-04T13:51:00","guid":{"rendered":"https:\/\/linitiative.ca\/International\/il-ny-aura-pas-de-vote-cette-annee\/"},"modified":"2019-10-04T09:51:00","modified_gmt":"2019-10-04T13:51:00","slug":"il-ny-aura-pas-de-vote-cette-annee","status":"publish","type":"post","link":"https:\/\/linitiative.ca\/International\/il-ny-aura-pas-de-vote-cette-annee\/","title":{"rendered":"\u00ab Il n\u2019y aura pas de vote, cette ann\u00e9e \u00bb"},"content":{"rendered":"<div id=\"originalText\" readability=\"56\">\n<p>Les alg\u00e9riens sont sortis dans quasiment toutes les villes du pays en ce 33e\u00a0vendredi de mobilisation du mouvement populaire du 22 f\u00e9vrier dernier. Une mobilisation qui survient \u00e0 la veille de la comm\u00e9moration du 31e\u00a0anniversaire du 5 octobre 1988.<\/p>\n<p>\u00c0\u00a0Alger, des milliers de manifestants ont pris d\u2019assaut les rues du centre-ville peu apr\u00e8s la fin de la pri\u00e8re du vendredi. Mais les alg\u00e9rois ont commenc\u00e9 \u00e0 manifester bien plus t\u00f4t. Les premiers marcheurs ont battu le pav\u00e9 d\u00e8s\u00a012h30, depuis la rue Khelifa Boukhalfa, afin d\u2019\u00e9viter l\u2019important dispositif policier qui a \u00e9t\u00e9 mis en place.<\/p>\n<p>Ils ont exprim\u00e9, en premier lieu,\u00a0leur refus des \u00e9lections pr\u00e9sidentielles fix\u00e9es pour le 12 d\u00e9cembre prochain, en scandant en boucle\u00a0:\u00a0\u00ab\u00a0bye bye Gaid Salah, had l\u2019a\u00e2m makach el vote (cette ann\u00e9e il n\u2019y aura pas de vote)\u00a0\u00bb, ou encore \u00ab\u00a0leblad bladna w\u2019ndirou rayna makach el vote\u00a0\u00bb.<\/p>\n<p><iframe loading=\"lazy\" allow=\"accelerometer; autoplay; encrypted-media; gyroscope; picture-in-picture\" allowfullscreen=\"\" frameborder=\"0\" height=\"315\" src=\"https:\/\/www.youtube.com\/embed\/7lvAdSZbig4\" width=\"560\">[embedded content]<\/iframe><\/p>\n<p>Arriv\u00e9s \u00e0 hauteur de la place Audin, ils se sont rassembl\u00e9s\u00a0et scand\u00e9 des slogans appelant\u00a0\u00e0 la\u00a0lib\u00e9ration de l\u2019ensemble des d\u00e9tenus d\u2019opinion : \u00ablib\u00e9rez les otages ! \u00bb.<\/p>\n<p><iframe loading=\"lazy\" allow=\"accelerometer; autoplay; encrypted-media; gyroscope; picture-in-picture\" allowfullscreen=\"\" frameborder=\"0\" height=\"315\" src=\"https:\/\/www.youtube.com\/embed\/wGzBvHMzms0\" width=\"560\">[embedded content]<\/iframe><\/p>\n<p class=\"c10\"><strong>R\u00e9daction Web<\/strong><\/p>\n<\/div>\n<div id=\"text_core\" readability=\"56\">\n<p>Les alg\u00e9riens sont sortis dans quasiment toutes les villes du pays en ce 33e\u00a0vendredi de mobilisation du mouvement populaire du 22 f\u00e9vrier dernier. Une mobilisation qui survient \u00e0 la veille de la comm\u00e9moration du 31e\u00a0anniversaire du 5 octobre 1988.<\/p>\n<p>\u00c0\u00a0Alger, des milliers de manifestants ont pris d\u2019assaut les rues du centre-ville peu apr\u00e8s la fin de la pri\u00e8re du vendredi. Mais les alg\u00e9rois ont commenc\u00e9 \u00e0 manifester bien plus t\u00f4t. Les premiers marcheurs ont battu le pav\u00e9 d\u00e8s\u00a012h30, depuis la rue Khelifa Boukhalfa, afin d\u2019\u00e9viter l\u2019important dispositif policier qui a \u00e9t\u00e9 mis en place.<\/p>\n<p>Ils ont exprim\u00e9, en premier lieu,\u00a0leur refus des \u00e9lections pr\u00e9sidentielles fix\u00e9es pour le 12 d\u00e9cembre prochain, en scandant en boucle\u00a0:\u00a0\u00ab\u00a0bye bye Gaid Salah, had l\u2019a\u00e2m makach el vote (cette ann\u00e9e il n\u2019y aura pas de vote)\u00a0\u00bb, ou encore \u00ab\u00a0leblad bladna w\u2019ndirou rayna makach el vote\u00a0\u00bb.<\/p>\n<p><iframe loading=\"lazy\" allow=\"accelerometer; autoplay; encrypted-media; gyroscope; picture-in-picture\" allowfullscreen=\"\" frameborder=\"0\" height=\"315\" src=\"https:\/\/www.youtube.com\/embed\/7lvAdSZbig4\" width=\"560\">[embedded content]<\/iframe><\/p>\n<p>Arriv\u00e9s \u00e0 hauteur de la place Audin, ils se sont rassembl\u00e9s\u00a0et scand\u00e9 des slogans appelant\u00a0\u00e0 la\u00a0lib\u00e9ration de l\u2019ensemble des d\u00e9tenus d\u2019opinion : \u00ablib\u00e9rez les otages ! \u00bb.<\/p>\n<p><iframe loading=\"lazy\" allow=\"accelerometer; autoplay; encrypted-media; gyroscope; picture-in-picture\" allowfullscreen=\"\" frameborder=\"0\" height=\"315\" src=\"https:\/\/www.youtube.com\/embed\/wGzBvHMzms0\" width=\"560\">[embedded content]<\/iframe><\/p>\n<p class=\"c10\"><strong>R\u00e9daction Web<\/strong><\/p>\n<\/div>\n<p>Auteur:<br \/>\n<a href=\"https:\/\/www.liberte-algerie.com\/actualite\/il-ny-aura-pas-de-vote-cette-annee-325245\">Cliquez ici pour lire l&rsquo;article depuis sa source.<\/a><\/p>\n","protected":false},"excerpt":{"rendered":"<p>Les alg\u00e9riens sont sortis dans quasiment toutes les villes du pays en ce 33e\u00a0vendredi de mobilisation du mouvement populaire du 22 f\u00e9vrier dernier. Une mobilisation qui survient \u00e0 la veille de la comm\u00e9moration du 31e\u00a0anniversaire du 5 octobre 1988. \u00c0\u00a0Alger, des milliers de manifestants ont pris d\u2019assaut les rues du centre-ville peu apr\u00e8s la fin [&hellip;]<\/p>\n","protected":false},"author":1742,"featured_media":0,"comment_status":"closed","ping_status":"closed","sticky":false,"template":"","format":"standard","meta":{"fifu_image_url":"","fifu_image_alt":"","footnotes":""},"categories":[73,53],"tags":[],"class_list":["post-63287","post","type-post","status-publish","format-standard","hentry","category-actualite","category-algerie"],"_links":{"self":[{"href":"https:\/\/linitiative.ca\/International\/wp-json\/wp\/v2\/posts\/63287","targetHints":{"allow":["GET"]}}],"collection":[{"href":"https:\/\/linitiative.ca\/International\/wp-json\/wp\/v2\/posts"}],"about":[{"href":"https:\/\/linitiative.ca\/International\/wp-json\/wp\/v2\/types\/post"}],"author":[{"embeddable":true,"href":"https:\/\/linitiative.ca\/International\/wp-json\/wp\/v2\/users\/1742"}],"replies":[{"embeddable":true,"href":"https:\/\/linitiative.ca\/International\/wp-json\/wp\/v2\/comments?post=63287"}],"version-history":[{"count":0,"href":"https:\/\/linitiative.ca\/International\/wp-json\/wp\/v2\/posts\/63287\/revisions"}],"wp:attachment":[{"href":"https:\/\/linitiative.ca\/International\/wp-json\/wp\/v2\/media?parent=63287"}],"wp:term":[{"taxonomy":"category","embeddable":true,"href":"https:\/\/linitiative.ca\/International\/wp-json\/wp\/v2\/categories?post=63287"},{"taxonomy":"post_tag","embeddable":true,"href":"https:\/\/linitiative.ca\/International\/wp-json\/wp\/v2\/tags?post=63287"}],"curies":[{"name":"wp","href":"https:\/\/api.w.org\/{rel}","templated":true}]}}