{"id":63289,"date":"2019-10-03T14:49:31","date_gmt":"2019-10-03T18:49:31","guid":{"rendered":"https:\/\/linitiative.ca\/International\/hommage-au-chercheur-tarik-khalla-de-luca\/"},"modified":"2019-10-03T14:49:31","modified_gmt":"2019-10-03T18:49:31","slug":"hommage-au-chercheur-tarik-khalla-de-luca","status":"publish","type":"post","link":"https:\/\/linitiative.ca\/International\/hommage-au-chercheur-tarik-khalla-de-luca\/","title":{"rendered":"Hommage au chercheur Tarik Khalla de l\u2019UCA"},"content":{"rendered":"<div class=\"single-featured\"><img alt=\"\" data-src=\"http:\/\/www.mapmarrakech.ma\/map\/uploads\/2019\/10\/Khalla-hommage.jpg\"\/><\/div>\n<div class=\"single-post-excerpt post-excerpt-bc\" readability=\"36\">\n<p>Marrakech- La 8\u00e8me \u00e9dition du festival d\u2019astronomie d\u2019Ifrane, organis\u00e9e par l\u2019Universit\u00e9 Al Akhawayn du 23 au 28 septembre dernier, a rendu hommage au chercheur Tarik Khalla de l\u2019universit\u00e9 Cadi Ayyad de Marrakech (UCA).<\/p>\n<\/div>\n<div class=\"entry-content clearfix single-post-content\" readability=\"62\">\n<p>Cet hommage vient r\u00e9compenser le dynamisme et la mobilisation de ce chercheur et en reconnaissance de ses efforts visant la vulgarisation et la diffusion des sciences de l\u2019univers, indique un communiqu\u00e9 de cet \u00e9tablissement d\u2019enseignement sup\u00e9rieur.<\/p>\n<p>\u00ab\u00a0Cette r\u00e9compense est une fiert\u00e9 pour l\u2019universit\u00e9 Cadi Ayyad de\u00a0Marrakech\u00a0et l\u2019Association d\u2019Astronomie Amateur de\u00a0Marrakech\u00a0(3AM)\u00a0\u00bb, souligne la m\u00eame source.<\/p>\n<p>Tarik Khalla qui a \u00e9tudi\u00e9 \u00e0 l\u2019Universit\u00e9 Bordeaux Montaigne, o\u00f9 il a obtenu un Dipl\u00f4me d\u2019Etudes sup\u00e9rieures en Communication scientifique, est un m\u00e9diateur et journaliste scientifique, charg\u00e9 de la Communication et des Affaires Para-universitaires au sein de la Facult\u00e9 des Sciences Semlalia relevant de l\u2019Universit\u00e9 Cadi Ayyad.<\/p>\n<p>Pour rappel l\u2019Universit\u00e9 Cadi Ayyad de\u00a0Marrakech\u00a0est dot\u00e9e d\u2019un observatoire astronomique (Observatoire de l\u2019Ouka\u00efmeden), destin\u00e9 \u00e0 accompagner le d\u00e9veloppement de la th\u00e9matique astronomie au sein de l\u2019universit\u00e9 en offrant un lieu de stage pour les \u00e9tudiants, de d\u00e9veloppement d\u2019exp\u00e9riences scientifiques se basant sur l\u2019observation pour les chercheurs et d\u2019initiation \u00e0 l\u2019astronomie pour le grand public de la r\u00e9gion.<\/p>\n<p>Situ\u00e9 dans une r\u00e9gion qui s\u2019\u00e9l\u00e8ve \u00e0 2.750 m\u00e8tres d\u2019altitude, l\u2019observatoire est dot\u00e9 d\u2019une coupole de 3,5 m\u00e8tres et d\u2019un t\u00e9lescope puissant et sophistiqu\u00e9.<\/p>\n<p>L\u2019association 3AM a acquis une notori\u00e9t\u00e9 sur le plan de la vulgarisation et de la diffusion de la culture scientifique en g\u00e9n\u00e9ral et de l\u2019astronomie en particulier.<\/p>\n<\/div>\n<p>Auteur: Mohammed KOURSI<br \/>\n<a href=\"http:\/\/www.mapmarrakech.ma\/fr\/hommage-au-chercheur-tarik-khalla-de-luca\/\">Cliquez ici pour lire l&rsquo;article depuis sa source.<\/a><\/p>\n","protected":false},"excerpt":{"rendered":"<p>Marrakech- La 8\u00e8me \u00e9dition du festival d\u2019astronomie d\u2019Ifrane, organis\u00e9e par l\u2019Universit\u00e9 Al Akhawayn du 23 au 28 septembre dernier, a rendu hommage au chercheur Tarik Khalla de l\u2019universit\u00e9 Cadi Ayyad de Marrakech (UCA). Cet hommage vient r\u00e9compenser le dynamisme et la mobilisation de ce chercheur et en reconnaissance de ses efforts visant la vulgarisation et [&hellip;]<\/p>\n","protected":false},"author":1788,"featured_media":63290,"comment_status":"closed","ping_status":"closed","sticky":false,"template":"","format":"standard","meta":{"fifu_image_url":"","fifu_image_alt":"","footnotes":""},"categories":[54,76],"tags":[],"class_list":["post-63289","post","type-post","status-publish","format-standard","has-post-thumbnail","hentry","category-maroc","category-regions"],"_links":{"self":[{"href":"https:\/\/linitiative.ca\/International\/wp-json\/wp\/v2\/posts\/63289","targetHints":{"allow":["GET"]}}],"collection":[{"href":"https:\/\/linitiative.ca\/International\/wp-json\/wp\/v2\/posts"}],"about":[{"href":"https:\/\/linitiative.ca\/International\/wp-json\/wp\/v2\/types\/post"}],"author":[{"embeddable":true,"href":"https:\/\/linitiative.ca\/International\/wp-json\/wp\/v2\/users\/1788"}],"replies":[{"embeddable":true,"href":"https:\/\/linitiative.ca\/International\/wp-json\/wp\/v2\/comments?post=63289"}],"version-history":[{"count":0,"href":"https:\/\/linitiative.ca\/International\/wp-json\/wp\/v2\/posts\/63289\/revisions"}],"wp:featuredmedia":[{"embeddable":true,"href":"https:\/\/linitiative.ca\/International\/wp-json\/"}],"wp:attachment":[{"href":"https:\/\/linitiative.ca\/International\/wp-json\/wp\/v2\/media?parent=63289"}],"wp:term":[{"taxonomy":"category","embeddable":true,"href":"https:\/\/linitiative.ca\/International\/wp-json\/wp\/v2\/categories?post=63289"},{"taxonomy":"post_tag","embeddable":true,"href":"https:\/\/linitiative.ca\/International\/wp-json\/wp\/v2\/tags?post=63289"}],"curies":[{"name":"wp","href":"https:\/\/api.w.org\/{rel}","templated":true}]}}