{"id":63291,"date":"2019-10-03T15:32:10","date_gmt":"2019-10-03T19:32:10","guid":{"rendered":"https:\/\/linitiative.ca\/International\/arrestation-de-cinq-individus-soupconnes-de-trafic-de-drogue\/"},"modified":"2019-10-03T15:32:10","modified_gmt":"2019-10-03T19:32:10","slug":"arrestation-de-cinq-individus-soupconnes-de-trafic-de-drogue","status":"publish","type":"post","link":"https:\/\/linitiative.ca\/International\/arrestation-de-cinq-individus-soupconnes-de-trafic-de-drogue\/","title":{"rendered":"Arrestation de cinq individus soup\u00e7onn\u00e9s de trafic de drogue"},"content":{"rendered":"<div class=\"single-featured\"><img alt=\"\" data-src=\"http:\/\/www.mapmarrakech.ma\/map\/uploads\/2019\/05\/DGSN-1.jpg\"\/><\/div>\n<div class=\"single-post-excerpt post-excerpt-bc\" readability=\"41\">\n<p>Bengu\u00e9rir- La brigade de la police judiciaire de Bengu\u00e9rir a arr\u00eat\u00e9, mercredi, cinq individus, \u00e2g\u00e9s de 16 \u00e0 35 ans, soup\u00e7onn\u00e9s de liens avec un r\u00e9seau criminel s\u2019activant dans le trafic de drogue, en possession de quantit\u00e9s de stup\u00e9fiants, indique un communiqu\u00e9 de la Direction g\u00e9n\u00e9rale de la s\u00fbret\u00e9 nationale (DGSN).<\/p>\n<\/div>\n<div class=\"entry-content clearfix single-post-content\" readability=\"63\">\n<p>Le principal suspect, \u00e2g\u00e9 de 30 ans et qui faisait l\u2019objet de plusieurs avis de recherche au niveau national, a \u00e9t\u00e9 arr\u00eat\u00e9 en compagnie de quatre complices, dont un mineur, dans des op\u00e9rations s\u00e9curitaires effectu\u00e9es dans des logements \u00e0 Douar \u00ab\u00a0Oulad Hriz\u00a0\u00bb , commune rurale de Jaafra, situ\u00e9e \u00e0 quelque 30 km en direction de Casablanca, ajoute le communiqu\u00e9.<\/p>\n<p>Les perquisitions effectu\u00e9es par les services de s\u00e9curit\u00e9 ont permis de saisir 512 kilogrammes de kif, 94 kg de feuilles de tabac sec, 6 kilogrammes de chira, plusieurs armes blanches et deux motos ne disposant pas de documents l\u00e9gaux, selon la DGSN.<\/p>\n<p>Les mis en cause ont \u00e9t\u00e9 plac\u00e9s en garde \u00e0 vue, alors que le mineur a \u00e9t\u00e9 mis sous surveillance polici\u00e8re, pour les besoins de l\u2019enqu\u00eate men\u00e9e sous la supervision du parquet comp\u00e9tent en vue d\u2019\u00e9lucider les circonstances de cette affaire et de d\u00e9terminer les ramifications de cet acte criminel.<\/p>\n<p>Le communiqu\u00e9 note, en outre, qu\u2019un policier a du \u00eatre transf\u00e9r\u00e9 \u00e0 l\u2019h\u00f4pital pour recevoir les soins n\u00e9cessaires suite \u00e0 sa chute accidentelle lors de l\u2019op\u00e9ration d\u2019arrestation des suspects.<\/p>\n<\/div>\n<p>Auteur: Mohammed KOURSI<br \/>\n<a href=\"http:\/\/www.mapmarrakech.ma\/fr\/arrestation-de-cinq-individus-soupconnes-de-trafic-de-drogue\/\">Cliquez ici pour lire l&rsquo;article depuis sa source.<\/a><\/p>\n","protected":false},"excerpt":{"rendered":"<p>Bengu\u00e9rir- La brigade de la police judiciaire de Bengu\u00e9rir a arr\u00eat\u00e9, mercredi, cinq individus, \u00e2g\u00e9s de 16 \u00e0 35 ans, soup\u00e7onn\u00e9s de liens avec un r\u00e9seau criminel s\u2019activant dans le trafic de drogue, en possession de quantit\u00e9s de stup\u00e9fiants, indique un communiqu\u00e9 de la Direction g\u00e9n\u00e9rale de la s\u00fbret\u00e9 nationale (DGSN). Le principal suspect, \u00e2g\u00e9 [&hellip;]<\/p>\n","protected":false},"author":1788,"featured_media":63292,"comment_status":"closed","ping_status":"closed","sticky":false,"template":"","format":"standard","meta":{"fifu_image_url":"","fifu_image_alt":"","footnotes":""},"categories":[54,76],"tags":[],"class_list":["post-63291","post","type-post","status-publish","format-standard","has-post-thumbnail","hentry","category-maroc","category-regions"],"_links":{"self":[{"href":"https:\/\/linitiative.ca\/International\/wp-json\/wp\/v2\/posts\/63291","targetHints":{"allow":["GET"]}}],"collection":[{"href":"https:\/\/linitiative.ca\/International\/wp-json\/wp\/v2\/posts"}],"about":[{"href":"https:\/\/linitiative.ca\/International\/wp-json\/wp\/v2\/types\/post"}],"author":[{"embeddable":true,"href":"https:\/\/linitiative.ca\/International\/wp-json\/wp\/v2\/users\/1788"}],"replies":[{"embeddable":true,"href":"https:\/\/linitiative.ca\/International\/wp-json\/wp\/v2\/comments?post=63291"}],"version-history":[{"count":0,"href":"https:\/\/linitiative.ca\/International\/wp-json\/wp\/v2\/posts\/63291\/revisions"}],"wp:featuredmedia":[{"embeddable":true,"href":"https:\/\/linitiative.ca\/International\/wp-json\/"}],"wp:attachment":[{"href":"https:\/\/linitiative.ca\/International\/wp-json\/wp\/v2\/media?parent=63291"}],"wp:term":[{"taxonomy":"category","embeddable":true,"href":"https:\/\/linitiative.ca\/International\/wp-json\/wp\/v2\/categories?post=63291"},{"taxonomy":"post_tag","embeddable":true,"href":"https:\/\/linitiative.ca\/International\/wp-json\/wp\/v2\/tags?post=63291"}],"curies":[{"name":"wp","href":"https:\/\/api.w.org\/{rel}","templated":true}]}}