{"id":63293,"date":"2019-10-04T04:26:09","date_gmt":"2019-10-04T08:26:09","guid":{"rendered":"https:\/\/linitiative.ca\/International\/benguerir-m-amzazi-inaugure-dar-attaliba\/"},"modified":"2019-10-04T04:26:09","modified_gmt":"2019-10-04T08:26:09","slug":"benguerir-m-amzazi-inaugure-dar-attaliba","status":"publish","type":"post","link":"https:\/\/linitiative.ca\/International\/benguerir-m-amzazi-inaugure-dar-attaliba\/","title":{"rendered":"Bengu\u00e9rir: M. Amzazi inaugure \u00ab\u00a0Dar Attaliba\u00a0\u00bb"},"content":{"rendered":"<div readability=\"41\">\n<p>Benguerir (Province de Rhamna)- Le ministre de l\u2019Education Nationale, de la Formation Professionnelle, de l\u2019Enseignement Sup\u00e9rieur et de la Recherche Scientifique, Sa\u00efd Amzazi, a inaugur\u00e9, jeudi \u00e0 Benguerir (Province de Rhamna), \u00ab\u00a0Dar Attaliba\u00a0\u00bb et visit\u00e9 plusieurs \u00e9tablissements scolaires relevant de la province.<\/p>\n<\/div>\n<div readability=\"137\">\n<p>Ainsi, M. Amzazi, accompagn\u00e9 notamment du gouverneur de la province de Rhamna, Aziz Bouignane, du Directeur de l\u2019Acad\u00e9mie R\u00e9gionale de la Formation et de l\u2019Education (AREF) de Marrakech-Safi, Ahmed Karimi, du directeur provincial de l\u2019\u00e9ducation nationale et d\u2019autres personnalit\u00e9s, a proc\u00e9d\u00e9 \u00e0 l\u2019inauguration de \u00ab\u00a0Dar Attaliba\u00a0\u00bb.<\/p>\n<p>R\u00e9alis\u00e9 sur une superficie de 400 M2 pour un co\u00fbt global de 3 millions de DH, cet \u00e9difice a une capacit\u00e9 d\u2019accueil de 80 lits.<\/p>\n<p>A cette occasion, des explications ont \u00e9t\u00e9 pr\u00e9sent\u00e9es au ministre sur ces structures, dont le nombre s\u2019\u00e9tablit \u00e0 17 \u00ab\u00a0Dar Attalib\u00a0\u00bb et \u00ab\u00a0Dar Attaliba\u00a0\u00bb toutes fonctionnelles, auxquelles vont s\u2019ajouter neuf autres \u00ab\u00a0Dar Attaliba\u00a0\u00bb (2 en cours d\u2019ouverture \u00e0 Benguerir et J\u00e2afra, 2 en cours de r\u00e9alisation \u00e0 Jaidate et Nzalet Laadem, et cinq autres faisant l\u2019objet d\u2019appels d\u2019offres \u00e0 Barkiyine, Sidi Abdallah, Sidi Boubker, Tlauh et Lamharra).<\/p>\n<p>D\u2019autres explications ont \u00e9t\u00e9 aussi fournies \u00e0 M. Amzazi et la d\u00e9l\u00e9gation l\u2019accompagnant sur certains programmes de promotion de la scolarisation et de lutte contre la d\u00e9perdition scolaire au niveau de la province au titre de la rentr\u00e9e p\u00e9dagogique 2019-2020, notamment en mati\u00e8re d\u2019enseignement pr\u00e9scolaire, de transport scolaire et de sant\u00e9 scolaire.<\/p>\n<p>Par la suite, le ministre et la d\u00e9l\u00e9gation l\u2019accompagnant se sont rendus \u00e0 l\u2019\u00e9cole \u00ab\u00a0Al Majd\u00a0\u00bb pour l\u2019enseignement pr\u00e9scolaire o\u00f9 ils ont visit\u00e9 plusieurs classes relevant de cet \u00e9tablissement.<\/p>\n<p>M. Amzazi a \u00e9galement visit\u00e9 l\u2019\u00e9cole primaire \u00ab\u00a0Abi Bakr Asiddiq\u00a0\u00bb o\u00f9 il a pris connaissance des diff\u00e9rents indicateurs relatifs \u00e0 la rentr\u00e9e scolaire au niveau de la direction provinciale de Rhamna.<\/p>\n<p>Le ministre a, en outre, effectu\u00e9 une visite au si\u00e8ge de la direction provinciale de l\u2019\u00e9ducation nationale o\u00f9 il a suivi une d\u00e9monstration d\u2019un cours dispens\u00e9 sur le tableau interactif auquel sont connect\u00e9s 30 \u00e9tablissements scolaires relevant de la province de Rhamna.<\/p>\n<p>M. Amzazi et les membres de la d\u00e9l\u00e9gation ont, par ailleurs, effectu\u00e9 une visite au Lyc\u00e9e de l\u2019Excellence \u00e0 Benguerir.<\/p>\n<p>Dans une d\u00e9claration \u00e0 la presse \u00e0 l\u2019issue de ces visites, M. Amzazi a soulign\u00e9 que SM le Roi Mohammed VI accorde une attention particuli\u00e8re au d\u00e9veloppement du syst\u00e8me de l\u2019\u00e9ducation et de la formation pour permettre \u00e0 l\u2019ensemble des Marocains de b\u00e9n\u00e9ficier de la scolarisation.<\/p>\n<p>Il a ajout\u00e9 que le minist\u00e8re entreprend la mise en oeuvre de nombreux projets en vue d\u2019assurer le droit \u00e0 l\u2019\u00e9cole \u00e0 tous, pr\u00e9cisant que cette visite \u00e0 Benguerir relevant de la province de Rhmana, s\u2019inscrit dans le cadre du suivi de l\u2019actuelle rentr\u00e9e scolaire. Cette visite, a-t-il dit, a \u00e9t\u00e9 aussi l\u2019occasion de s\u2019arr\u00eater sur le niveau et la qualit\u00e9 de l\u2019enseignement dispens\u00e9 au sein des \u00e9tablissements visit\u00e9s.<\/p>\n<p>Il a, dans ce cadre, tenu \u00e0 saluer le grand travail effectu\u00e9 par l\u2019AREF de Marrakech-Safi, la direction provinciale de l\u2019\u00e9ducation nationale de Rhamna, les directeurs et les corps administratifs des \u00e9tablissements scolaires visit\u00e9s en vue d\u2019assurer le bon d\u00e9roulement de la rentr\u00e9e scolaire, d\u2019accueillir les \u00e9l\u00e8ves dans les meilleures conditions, de les accompagner durant leur cursus d\u2019\u00e9tudes et de les inciter ainsi \u00e0 r\u00e9ussir.<\/p>\n<p>Cette visite, marqu\u00e9e \u00e9galement par l\u2019inauguration de \u00ab\u00a0Dar Attaliba\u00a0\u00bb, a permis de s\u2019informer du d\u00e9veloppement du transport scolaire en vue de la promotion de la scolarisation et de la lutte contre la d\u00e9perdition scolaire, le but ultime \u00e9tant de permettre aux filles en milieu rural de b\u00e9n\u00e9ficier d\u2019une meilleure scolarisation, a-t-il poursuivi.<\/p>\n<p>Et le ministre d\u2019encha\u00eener qu\u2019elle a permis, en outre, de s\u2019enqu\u00e9rir de l\u2019\u00e9tat des lieux de l\u2019enseignement pr\u00e9scolaire dans la province, tout en se f\u00e9licitant du taux r\u00e9alis\u00e9 localement qui a atteint plus de 80%, ce qui repr\u00e9sente, a-t-il fait remarquer, l\u2019un des plus importants taux \u00e0 l\u2019\u00e9chelle du Royaume, alors que la moyenne nationale est de 55% dans ce segment de l\u2019enseignement.<\/p>\n<p>\u00ab\u00a0Cela nous incite \u00e0 continuer nos efforts et \u00e0 pers\u00e9v\u00e9rer sur la m\u00eame voie en vue de d\u00e9velopper davantage le syst\u00e8me \u00e9ducatif national et de tirer vers le haut la qualit\u00e9 de l\u2019\u00e9cole marocaine\u00a0\u00bb, a-t-il conclu.<\/p>\n<\/div>\n<p>Auteur: Mohammed KOURSI<br \/>\n<a href=\"http:\/\/www.mapmarrakech.ma\/fr\/benguerir-m-amzazi-inaugure-dar-attaliba\/\">Cliquez ici pour lire l&rsquo;article depuis sa source.<\/a><\/p>\n","protected":false},"excerpt":{"rendered":"<p>Benguerir (Province de Rhamna)- Le ministre de l\u2019Education Nationale, de la Formation Professionnelle, de l\u2019Enseignement Sup\u00e9rieur et de la Recherche Scientifique, Sa\u00efd Amzazi, a inaugur\u00e9, jeudi \u00e0 Benguerir (Province de Rhamna), \u00ab\u00a0Dar Attaliba\u00a0\u00bb et visit\u00e9 plusieurs \u00e9tablissements scolaires relevant de la province. Ainsi, M. Amzazi, accompagn\u00e9 notamment du gouverneur de la province de Rhamna, Aziz [&hellip;]<\/p>\n","protected":false},"author":1788,"featured_media":0,"comment_status":"closed","ping_status":"closed","sticky":false,"template":"","format":"standard","meta":{"fifu_image_url":"","fifu_image_alt":"","footnotes":""},"categories":[54,76],"tags":[],"class_list":["post-63293","post","type-post","status-publish","format-standard","hentry","category-maroc","category-regions"],"_links":{"self":[{"href":"https:\/\/linitiative.ca\/International\/wp-json\/wp\/v2\/posts\/63293","targetHints":{"allow":["GET"]}}],"collection":[{"href":"https:\/\/linitiative.ca\/International\/wp-json\/wp\/v2\/posts"}],"about":[{"href":"https:\/\/linitiative.ca\/International\/wp-json\/wp\/v2\/types\/post"}],"author":[{"embeddable":true,"href":"https:\/\/linitiative.ca\/International\/wp-json\/wp\/v2\/users\/1788"}],"replies":[{"embeddable":true,"href":"https:\/\/linitiative.ca\/International\/wp-json\/wp\/v2\/comments?post=63293"}],"version-history":[{"count":0,"href":"https:\/\/linitiative.ca\/International\/wp-json\/wp\/v2\/posts\/63293\/revisions"}],"wp:attachment":[{"href":"https:\/\/linitiative.ca\/International\/wp-json\/wp\/v2\/media?parent=63293"}],"wp:term":[{"taxonomy":"category","embeddable":true,"href":"https:\/\/linitiative.ca\/International\/wp-json\/wp\/v2\/categories?post=63293"},{"taxonomy":"post_tag","embeddable":true,"href":"https:\/\/linitiative.ca\/International\/wp-json\/wp\/v2\/tags?post=63293"}],"curies":[{"name":"wp","href":"https:\/\/api.w.org\/{rel}","templated":true}]}}