{"id":63295,"date":"2019-10-04T10:43:31","date_gmt":"2019-10-04T14:43:31","guid":{"rendered":"https:\/\/linitiative.ca\/International\/gestion-des-flux-migratoires-le-maroc-un-partenaire-cle\/"},"modified":"2019-10-04T10:43:31","modified_gmt":"2019-10-04T14:43:31","slug":"gestion-des-flux-migratoires-le-maroc-un-partenaire-cle","status":"publish","type":"post","link":"https:\/\/linitiative.ca\/International\/gestion-des-flux-migratoires-le-maroc-un-partenaire-cle\/","title":{"rendered":"Gestion des flux migratoires: Le Maroc, un partenaire cl\u00e9"},"content":{"rendered":"<div readability=\"39\">\n<p>Marrakech- Le Maroc joue un r\u00f4le cl\u00e9 dans la gestion des flux migratoires, a affirm\u00e9, vendredi \u00e0 Marrakech, le Vice-pr\u00e9sident de l\u2019Assembl\u00e9e parlementaire de l\u2019Organisation pour la S\u00e9curit\u00e9 et la Coop\u00e9ration en Europe (AP-OSCE) et Repr\u00e9sentant sp\u00e9cial pour les affaires m\u00e9diterran\u00e9ennes, Pascal Allizard.<\/p>\n<\/div>\n<div readability=\"168\">\n<p>Le Maroc se veut un partenaire strat\u00e9gique pour la r\u00e9solution de la question migratoire, l\u2019une des pr\u00e9occupations majeures des pays m\u00e9diterran\u00e9ens, a soulign\u00e9 M. Allizard \u00e0 l\u2019ouverture du Forum m\u00e9diterran\u00e9en sur les mod\u00e8les de coop\u00e9ration Nord-Sud et la connectivit\u00e9 \u00e9conomique en M\u00e9diterran\u00e9e dans un monde globalis\u00e9, organis\u00e9 dans le cadre de la session d\u2019automne de la 18\u00e8me Assembl\u00e9e parlementaire de l\u2019OSCE.<\/p>\n<p>Dans ce sens, il a r\u00e9it\u00e9r\u00e9 la volont\u00e9 de l\u2019OSCE de coop\u00e9rer davantage avec le Royaume en vue de trouver les moyens n\u00e9cessaires pour relever le d\u00e9fi migratoire, mettant en avant l\u2019exp\u00e9rience marocaine en la mati\u00e8re.<\/p>\n<p>Il a, de m\u00eame, lou\u00e9 le d\u00e9veloppement consid\u00e9rable et l\u2019\u00e9volution remarquable enregistr\u00e9s dans tous les domaines sous le r\u00e8gne de SM le Roi Mohammed VI, se f\u00e9licitant des relations de partenariat exemplaires unissant le Royaume et l\u2019Organisation.<\/p>\n<p>Par ailleurs, M. Allizard a appel\u00e9 \u00e0 promouvoir une coop\u00e9ration strat\u00e9gique entre les deux rives de la M\u00e9diterran\u00e9e afin de mieux g\u00e9rer les fronti\u00e8res et lutter contre le terrorisme, le crime organis\u00e9 et la traite humaine, notant que les pays m\u00e9diterran\u00e9ens ont un destin commun et sont confront\u00e9s aux m\u00eames d\u00e9fis et dangers.<\/p>\n<p>Il a, aussi, plaid\u00e9 pour une approche collective, une action commune et un engagement de l\u2019ensemble des partenaires pour ouvrir de nouvelles perspectives adapt\u00e9es aux r\u00e9alit\u00e9s et int\u00e9r\u00eats de l\u2019espace m\u00e9diterran\u00e9en.<\/p>\n<p>De son c\u00f4t\u00e9, le pr\u00e9sident de l\u2019AP-OSCE, George Tsereteli, s\u2019est f\u00e9licit\u00e9 de la tenue de cette Assembl\u00e9e au Maroc,\u00a0une premi\u00e8re en dehors de l\u2019espace g\u00e9ographique de l\u2019organisation, ce qui t\u00e9moigne des bonnes relations de coop\u00e9ration liant le Parlement marocain et l\u2019AP-OSCE.<\/p>\n<p>La zone m\u00e9diterran\u00e9enne est une r\u00e9gion strat\u00e9gique et un p\u00f4le \u00e9conomique influent et prometteur. Ainsi, le d\u00e9veloppement du Nord est intimement li\u00e9 au Sud, d\u2019o\u00f9 l\u2019importance de consolider et promouvoir la coop\u00e9ration Nord-Sud, a-t-il relev\u00e9.<\/p>\n<p>Le partenariat m\u00e9diterran\u00e9en est appel\u00e9 \u00e0 entamer une nouvelle phase pour transcender les d\u00e9fis actuels et asseoir les bases d\u2019une coop\u00e9ration concr\u00e8te au service du d\u00e9veloppement des pays de la M\u00e9diterran\u00e9e, a-t-il indiqu\u00e9.<\/p>\n<p>Pour sa part, le ministre grec du d\u00e9veloppement rural et de l\u2019alimentation, Mavroudis Voridis, a soulign\u00e9 que la lutte contre les changements climatiques, le terrorisme et l\u2019ins\u00e9curit\u00e9 exige un engagement international et\u00a0une approche coop\u00e9rative et coordonn\u00e9e \u00e0 tous les niveaux.<\/p>\n<p>L\u2019OSCE apporte une contribution concr\u00e8te\u00a0et pratique pour promouvoir la s\u00e9curit\u00e9 internationale \u00e0 travers ses diff\u00e9rentes actions et sa coop\u00e9ration avec des organisations\u00a0internationales, dont les Nations-Unies, a-t-il not\u00e9.<\/p>\n<p>La cr\u00e9ation d\u2019un comit\u00e9 de lutte contre le terrorisme au sein de l\u2019OSCE t\u00e9moigne de l\u2019engagement des partenaires m\u00e9diterran\u00e9ens en faveur de la paix et de la s\u00e9curit\u00e9 internationale, a-t-il estim\u00e9, saluant le Maroc pour sa strat\u00e9gie, son exp\u00e9rience et sa vision en\u00a0mati\u00e8re de lutte contre le terrorisme et l\u2019extr\u00e9misme.<\/p>\n<p>Quant au Pr\u00e9sident du groupe de contact de l\u2019OSCE avec les partenaires m\u00e9diterran\u00e9ens pour la coop\u00e9ration, Repr\u00e9sentant permanent de l\u2019Albanie aupr\u00e8s de l\u2019OSCE, Igli Hasani, il a soulign\u00e9 l\u2019importance de renforcer la s\u00e9curit\u00e9 dans l\u2019espace m\u00e9diterran\u00e9en parall\u00e8lement au d\u00e9veloppement socio-\u00e9conomique.<\/p>\n<p>La M\u00e9diterran\u00e9e dispose d\u2019\u00e9normes potentialit\u00e9s et de nombreuses opportunit\u00e9s importantes qui doivent \u00eatre mises en avant et en cela r\u00e9side le r\u00f4le de l\u2019OSCE qui oeuvre \u00e0 renforcer les capacit\u00e9s des pays m\u00e9diterran\u00e9ens dans plusieurs domaines, dont la bonne gouvernance, la d\u00e9mocratie et la lutte contre le terrorisme et la migration.<\/p>\n<p>La migration doit \u00eatre un choix et non pas une obligation, a-t-il dit, relevant qu\u2019il faut investir davantage dans la jeunesse et impliquer les jeunes dans la prise de d\u00e9cisions.<\/p>\n<p>Pour le Chef de la d\u00e9l\u00e9gation parlementaire marocaine, El Bakouri Mohamed, l\u2019organisation de cette Assembl\u00e9e dans le Royaume couronne les relations exceptionnelles liant le Maroc et l\u2019OSCE et conforte la place de choix qu\u2019occupe le Royaume dans le dialogue m\u00e9diterran\u00e9en.<\/p>\n<p>Cette manifestation est aussi r\u00e9v\u00e9latrice de l\u2019engagement r\u00e9solu du Royaume dans la lutte contre les menaces qui guettent la r\u00e9gion et le monde entier, particuli\u00e8rement le terrorisme, la migration ill\u00e9gale, le crime organis\u00e9 transfrontalier, le trafic d\u2019\u00eatres humains et le d\u00e9r\u00e8glement climatique, a-t-il fait remarquer.<\/p>\n<p>La M\u00e9diterran\u00e9e demeure l\u2019un des principaux espaces migratoires au monde, d\u2019o\u00f9 la n\u00e9cessit\u00e9 de conjuguer les efforts pour relever les d\u00e9fis et mettre fin \u00e0 ce ph\u00e9nom\u00e8ne, a-t-il ajout\u00e9.<\/p>\n<p>La Chambre des Conseillers accueille, du 4 au 6 octobre \u00e0\u00a0Marrakech, la session d\u2019automne de l\u2019Assembl\u00e9e parlementaire de l\u2019OSCE, sous le th\u00e8me \u00ab\u00a0la promotion de la s\u00e9curit\u00e9 en M\u00e9diterran\u00e9e : r\u00f4le de l\u2019OSCE et de ses partenaires\u00a0\u00bb.<\/p>\n<p>Cet \u00e9v\u00e9nement\u00a0repr\u00e9sente une \u00e9tape nouvelle dans la consolidation du statut de \u00ab\u00a0partenaire pour la coop\u00e9ration\u00a0\u00bb dont jouit l\u2019institution l\u00e9gislative marocaine aupr\u00e8s de l\u2019Assembl\u00e9e o\u00f9 si\u00e8gent 57 parlements membres.<\/p>\n<p>La 18\u00e8me session de l\u2019AP-OSCE sera marqu\u00e9e par la pr\u00e9sentation de l\u2019exp\u00e9rience marocaine en mati\u00e8re de lutte contre l\u2019extr\u00e9misme, ainsi que par des discussions sur la promotion de la s\u00e9curit\u00e9 dans la r\u00e9gion m\u00e9diterran\u00e9enne et les d\u00e9fis li\u00e9s au d\u00e9veloppement \u00e9conomique, aux changements climatiques et \u00e0 la migration.<\/p>\n<\/div>\n<p>Auteur: Mohammed KOURSI<br \/>\n<a href=\"http:\/\/www.mapmarrakech.ma\/fr\/gestion-des-flux-migratoires-le-maroc-un-partenaire-cle\/\">Cliquez ici pour lire l&rsquo;article depuis sa source.<\/a><\/p>\n","protected":false},"excerpt":{"rendered":"<p>Marrakech- Le Maroc joue un r\u00f4le cl\u00e9 dans la gestion des flux migratoires, a affirm\u00e9, vendredi \u00e0 Marrakech, le Vice-pr\u00e9sident de l\u2019Assembl\u00e9e parlementaire de l\u2019Organisation pour la S\u00e9curit\u00e9 et la Coop\u00e9ration en Europe (AP-OSCE) et Repr\u00e9sentant sp\u00e9cial pour les affaires m\u00e9diterran\u00e9ennes, Pascal Allizard. Le Maroc se veut un partenaire strat\u00e9gique pour la r\u00e9solution de la [&hellip;]<\/p>\n","protected":false},"author":1788,"featured_media":0,"comment_status":"closed","ping_status":"closed","sticky":false,"template":"","format":"standard","meta":{"fifu_image_url":"","fifu_image_alt":"","footnotes":""},"categories":[54,76],"tags":[],"class_list":["post-63295","post","type-post","status-publish","format-standard","hentry","category-maroc","category-regions"],"_links":{"self":[{"href":"https:\/\/linitiative.ca\/International\/wp-json\/wp\/v2\/posts\/63295","targetHints":{"allow":["GET"]}}],"collection":[{"href":"https:\/\/linitiative.ca\/International\/wp-json\/wp\/v2\/posts"}],"about":[{"href":"https:\/\/linitiative.ca\/International\/wp-json\/wp\/v2\/types\/post"}],"author":[{"embeddable":true,"href":"https:\/\/linitiative.ca\/International\/wp-json\/wp\/v2\/users\/1788"}],"replies":[{"embeddable":true,"href":"https:\/\/linitiative.ca\/International\/wp-json\/wp\/v2\/comments?post=63295"}],"version-history":[{"count":0,"href":"https:\/\/linitiative.ca\/International\/wp-json\/wp\/v2\/posts\/63295\/revisions"}],"wp:attachment":[{"href":"https:\/\/linitiative.ca\/International\/wp-json\/wp\/v2\/media?parent=63295"}],"wp:term":[{"taxonomy":"category","embeddable":true,"href":"https:\/\/linitiative.ca\/International\/wp-json\/wp\/v2\/categories?post=63295"},{"taxonomy":"post_tag","embeddable":true,"href":"https:\/\/linitiative.ca\/International\/wp-json\/wp\/v2\/tags?post=63295"}],"curies":[{"name":"wp","href":"https:\/\/api.w.org\/{rel}","templated":true}]}}