{"id":63300,"date":"2019-10-03T14:39:06","date_gmt":"2019-10-03T18:39:06","guid":{"rendered":"https:\/\/linitiative.ca\/International\/bordj-bou-arreridj-ameliorer-lapprovisionnement-en-eau-potable-a-partir-du-barrage-dain-zada\/"},"modified":"2019-10-03T14:39:06","modified_gmt":"2019-10-03T18:39:06","slug":"bordj-bou-arreridj-ameliorer-lapprovisionnement-en-eau-potable-a-partir-du-barrage-dain-zada","status":"publish","type":"post","link":"https:\/\/linitiative.ca\/International\/bordj-bou-arreridj-ameliorer-lapprovisionnement-en-eau-potable-a-partir-du-barrage-dain-zada\/","title":{"rendered":"Bordj Bou Arreridj: am\u00e9liorer l\u2019approvisionnement en eau potable \u00e0 partir du barrage d\u2019Ain Zada"},"content":{"rendered":"<div>\n<div class=\"K2FeedIntroText\">\n<p><strong>BORDJ BOU ARRERIDJ &#8211; Le ministre des Ressources en Eau, Ali Hamam, a affirm\u00e9 jeudi \u00e0 Bordj Bou Arreridj que \u00ab\u00a0l\u2019approvisionnement en eau potable de la population du chef-lieu de cette wilaya sera am\u00e9lior\u00e9 \u00e0 partir du barrage d\u2019Ain Zada\u00a0\u00bb.<\/strong><\/p>\n<\/div>\n<div class=\"K2FeedFullText\">\n<p>Sur le site du barrage d\u2019Ain Zada, o\u00f9 il a \u00e9t\u00e9 proc\u00e9d\u00e9 au lancement du projet d\u2019augmentation du volume d\u2019eau destin\u00e9 \u00e0 l\u2019approvisionnement en eau potable de la capitale des Bibans, le ministre a assur\u00e9 que ce volume passera de 29.300 m3\/jour actuellement, \u00e0 44.300 m3\/jour tr\u00e8s prochainement.<\/p>\n<p>Il a \u00e9galement indiqu\u00e9 que le projet b\u00e9n\u00e9ficiera \u00e0 la commune de Ras El Oued qui recevra un volume quotidien de 10.300 m3.<\/p>\n<p>\u00ab\u00a0Ce volume consid\u00e9rable de 54.600 m3 permettra de r\u00e9duire le d\u00e9ficit actuel en attendant l\u2019ach\u00e8vement des travaux de transfert des eaux du barrage de Tichy-haf (Bejaia) et celui de Tilesdit (Bouira) au profit de 12 communes de la wilaya\u00a0\u00bb, a ajout\u00e9 le ministre.<\/p>\n<p>M. Hamam a inaugur\u00e9 \u00e0 l\u2019occasion une station d\u2019\u00e9puration des eaux us\u00e9es (STEP) \u00e0 Ain Taghrout avant d\u2019inspecter le chantier d\u2019une autre STEP \u00e0 Ras el Oued et s\u2019enqu\u00e9rir des travaux de r\u00e9habilitation de la STEP du chef-lieu de wilaya insistant sur l\u2019utilisation des eaux trait\u00e9es pour l\u2019irrigation agricole.<\/p>\n<p>A cours du lancement du projet de protection des communes d\u2019El Yachir et El Anceur contre les inondations, M. Hamam a salu\u00e9 les actions anticipatives prises par les autorit\u00e9s locales en r\u00e9alisant des \u00e9tudes pour la protection des villes contre ce ph\u00e9nom\u00e8ne.<\/p>\n<\/div>\n<\/div>\n<p>Auteur:<br \/>\n<a href=\"http:\/\/www.aps.dz\/regions\/95175-bordj-bou-arreridj-ameliorer-l-approvisionnement-en-eau-potable-a-partir-du-barrage-d-ain-zada\">Cliquez ici pour lire l&rsquo;article depuis sa source.<\/a><\/p>\n","protected":false},"excerpt":{"rendered":"<p>BORDJ BOU ARRERIDJ &#8211; Le ministre des Ressources en Eau, Ali Hamam, a affirm\u00e9 jeudi \u00e0 Bordj Bou Arreridj que \u00ab\u00a0l\u2019approvisionnement en eau potable de la population du chef-lieu de cette wilaya sera am\u00e9lior\u00e9 \u00e0 partir du barrage d\u2019Ain Zada\u00a0\u00bb. Sur le site du barrage d\u2019Ain Zada, o\u00f9 il a \u00e9t\u00e9 proc\u00e9d\u00e9 au lancement du [&hellip;]<\/p>\n","protected":false},"author":1790,"featured_media":0,"comment_status":"closed","ping_status":"closed","sticky":false,"template":"","format":"standard","meta":{"fifu_image_url":"","fifu_image_alt":"","footnotes":""},"categories":[53,76],"tags":[],"class_list":["post-63300","post","type-post","status-publish","format-standard","hentry","category-algerie","category-regions"],"_links":{"self":[{"href":"https:\/\/linitiative.ca\/International\/wp-json\/wp\/v2\/posts\/63300","targetHints":{"allow":["GET"]}}],"collection":[{"href":"https:\/\/linitiative.ca\/International\/wp-json\/wp\/v2\/posts"}],"about":[{"href":"https:\/\/linitiative.ca\/International\/wp-json\/wp\/v2\/types\/post"}],"author":[{"embeddable":true,"href":"https:\/\/linitiative.ca\/International\/wp-json\/wp\/v2\/users\/1790"}],"replies":[{"embeddable":true,"href":"https:\/\/linitiative.ca\/International\/wp-json\/wp\/v2\/comments?post=63300"}],"version-history":[{"count":0,"href":"https:\/\/linitiative.ca\/International\/wp-json\/wp\/v2\/posts\/63300\/revisions"}],"wp:attachment":[{"href":"https:\/\/linitiative.ca\/International\/wp-json\/wp\/v2\/media?parent=63300"}],"wp:term":[{"taxonomy":"category","embeddable":true,"href":"https:\/\/linitiative.ca\/International\/wp-json\/wp\/v2\/categories?post=63300"},{"taxonomy":"post_tag","embeddable":true,"href":"https:\/\/linitiative.ca\/International\/wp-json\/wp\/v2\/tags?post=63300"}],"curies":[{"name":"wp","href":"https:\/\/api.w.org\/{rel}","templated":true}]}}