{"id":63301,"date":"2019-10-04T04:48:30","date_gmt":"2019-10-04T08:48:30","guid":{"rendered":"https:\/\/linitiative.ca\/International\/secousse-tellurique-a-msila\/"},"modified":"2019-10-04T04:48:30","modified_gmt":"2019-10-04T08:48:30","slug":"secousse-tellurique-a-msila","status":"publish","type":"post","link":"https:\/\/linitiative.ca\/International\/secousse-tellurique-a-msila\/","title":{"rendered":"Secousse tellurique \u00e0 M&rsquo;sila"},"content":{"rendered":"<div>\n<div class=\"K2FeedImage\"><img decoding=\"async\" src=\"http:\/\/www.aps.dz\/media\/k2\/items\/cache\/88d32470403ddddf87be3f8eb9ff886d_S.jpg\" alt=\"Secousse tellurique \u00e0 M'sila\"><\/div>\n<div class=\"K2FeedIntroText\">\n<p><strong>ALGER- Une secousse tellurique a \u00e9t\u00e9 enregistr\u00e9e vendredi \u00e0 02h16 dans la wilaya de M&rsquo;sila, indique le Centre de recherche en astronomie, astrophysique et g\u00e9ophysique (CRAAG)<\/strong>.<\/p>\n<\/div>\n<div class=\"K2FeedFullText\">\n<p>L&rsquo;\u00e9picentre de la secousse a \u00e9t\u00e9 localis\u00e9 \u00e0 11 km au Nord\/est de M&rsquo;sila, pr\u00e9cise la m\u00eame source.<\/p>\n<\/div>\n<\/div>\n<p>Auteur:<br \/>\n<a href=\"http:\/\/www.aps.dz\/regions\/95180-secousse-tellurique-a-m-sila\">Cliquez ici pour lire l&rsquo;article depuis sa source.<\/a><\/p>\n","protected":false},"excerpt":{"rendered":"<p>ALGER- Une secousse tellurique a \u00e9t\u00e9 enregistr\u00e9e vendredi \u00e0 02h16 dans la wilaya de M&rsquo;sila, indique le Centre de recherche en astronomie, astrophysique et g\u00e9ophysique (CRAAG). L&rsquo;\u00e9picentre de la secousse a \u00e9t\u00e9 localis\u00e9 \u00e0 11 km au Nord\/est de M&rsquo;sila, pr\u00e9cise la m\u00eame source. Auteur: Cliquez ici pour lire l&rsquo;article depuis sa source.<\/p>\n","protected":false},"author":1790,"featured_media":63302,"comment_status":"closed","ping_status":"closed","sticky":false,"template":"","format":"standard","meta":{"fifu_image_url":"","fifu_image_alt":"","footnotes":""},"categories":[53,76],"tags":[],"class_list":["post-63301","post","type-post","status-publish","format-standard","has-post-thumbnail","hentry","category-algerie","category-regions"],"_links":{"self":[{"href":"https:\/\/linitiative.ca\/International\/wp-json\/wp\/v2\/posts\/63301","targetHints":{"allow":["GET"]}}],"collection":[{"href":"https:\/\/linitiative.ca\/International\/wp-json\/wp\/v2\/posts"}],"about":[{"href":"https:\/\/linitiative.ca\/International\/wp-json\/wp\/v2\/types\/post"}],"author":[{"embeddable":true,"href":"https:\/\/linitiative.ca\/International\/wp-json\/wp\/v2\/users\/1790"}],"replies":[{"embeddable":true,"href":"https:\/\/linitiative.ca\/International\/wp-json\/wp\/v2\/comments?post=63301"}],"version-history":[{"count":0,"href":"https:\/\/linitiative.ca\/International\/wp-json\/wp\/v2\/posts\/63301\/revisions"}],"wp:featuredmedia":[{"embeddable":true,"href":"https:\/\/linitiative.ca\/International\/wp-json\/"}],"wp:attachment":[{"href":"https:\/\/linitiative.ca\/International\/wp-json\/wp\/v2\/media?parent=63301"}],"wp:term":[{"taxonomy":"category","embeddable":true,"href":"https:\/\/linitiative.ca\/International\/wp-json\/wp\/v2\/categories?post=63301"},{"taxonomy":"post_tag","embeddable":true,"href":"https:\/\/linitiative.ca\/International\/wp-json\/wp\/v2\/tags?post=63301"}],"curies":[{"name":"wp","href":"https:\/\/api.w.org\/{rel}","templated":true}]}}