{"id":63303,"date":"2019-10-04T05:37:58","date_gmt":"2019-10-04T09:37:58","guid":{"rendered":"https:\/\/linitiative.ca\/International\/fonds-de-la-zakat-a-batna-plus-de-96-millions-de-dinars-collectes\/"},"modified":"2019-10-04T05:37:58","modified_gmt":"2019-10-04T09:37:58","slug":"fonds-de-la-zakat-a-batna-plus-de-96-millions-de-dinars-collectes","status":"publish","type":"post","link":"https:\/\/linitiative.ca\/International\/fonds-de-la-zakat-a-batna-plus-de-96-millions-de-dinars-collectes\/","title":{"rendered":"Fonds de la Zakat \u00e0 Batna : plus de 96 millions de dinars collect\u00e9s  \u00a0"},"content":{"rendered":"<div>\n<div class=\"K2FeedIntroText\">\n<p>\u00a0<\/p>\n<p><strong>BATNA- Le montant global de la collecte de la Zakat dans la wilaya de Batna pour l&rsquo;ann\u00e9e 2018-2019 a atteint 96,326 millions de dinars, a indiqu\u00e9 jeudi le directeur local des affaires religieuses et des\u00a0wakfs, Madani Boucetta.<\/strong><\/p>\n<\/div>\n<div class=\"K2FeedFullText\">\n<p>Ce montant comprend la Zakat d\u2019El Fitr (rupture du je\u00fbne) et la Zakat sur l\u2019argent et la r\u00e9colte, a pr\u00e9cis\u00e9 la m\u00eame source, avant d&rsquo;ajouter que la collecte de la Zakat a enregistr\u00e9 cette ann\u00e9e une hausse de plus de 10 millions de dinars comparativement \u00e0 la l&rsquo;ann\u00e9e pr\u00e9c\u00e9dente.<\/p>\n<blockquote>\n<p><strong>\u00ab\u00a0La hausse de la collecte de la Zakat observ\u00e9e chaque ann\u00e9e est le fruit des diff\u00e9rentes campagnes organis\u00e9es \u00e0 travers toute la wilaya de Batna par la direction locale des affaires religieuses et des wakfs pour encourager les donateurs \u00e0 s\u2019acquitter de la Zakat\u00a0\u00bb, a-t-il ajout\u00e9.<\/strong><\/p>\n<\/blockquote>\n<p>Concernant le montant redistribu\u00e9 localement, M. Boucetta a r\u00e9v\u00e9l\u00e9 que plus de 100 millions de dinars ont \u00e9t\u00e9 r\u00e9partis sur 17 586 familles, ouvrant droit \u00e0 la Zakat, \u00e0 raison d\u2019un montant compris entre 5000 et 15 000 dinars chacune.<\/p>\n<p>Il est \u00e0 noter que le montant de la Zakat collect\u00e9 cette ann\u00e9e dans la wilaya de Batna sur l\u2019argent\u00a0est de 50 millions de dinars, celui de Zakat El Fitr s\u2019\u00e9l\u00e8ve \u00e0 36 millions de dinars, tandis que le reste provient des sommes pr\u00e9lev\u00e9es sur les r\u00e9coltes, a signal\u00e9 la m\u00eame source.<\/p>\n<p>\u00a0<\/p>\n<p>\u00a0<\/p>\n<\/div>\n<\/div>\n<p>Auteur:<br \/>\n<a href=\"http:\/\/www.aps.dz\/regions\/95187-fonds-de-la-zakat-a-batna-plus-de-96-millions-de-dinars-collectes\">Cliquez ici pour lire l&rsquo;article depuis sa source.<\/a><\/p>\n","protected":false},"excerpt":{"rendered":"<p>\u00a0 BATNA- Le montant global de la collecte de la Zakat dans la wilaya de Batna pour l&rsquo;ann\u00e9e 2018-2019 a atteint 96,326 millions de dinars, a indiqu\u00e9 jeudi le directeur local des affaires religieuses et des\u00a0wakfs, Madani Boucetta. Ce montant comprend la Zakat d\u2019El Fitr (rupture du je\u00fbne) et la Zakat sur l\u2019argent et la [&hellip;]<\/p>\n","protected":false},"author":1790,"featured_media":0,"comment_status":"closed","ping_status":"closed","sticky":false,"template":"","format":"standard","meta":{"fifu_image_url":"","fifu_image_alt":"","footnotes":""},"categories":[53,76],"tags":[],"class_list":["post-63303","post","type-post","status-publish","format-standard","hentry","category-algerie","category-regions"],"_links":{"self":[{"href":"https:\/\/linitiative.ca\/International\/wp-json\/wp\/v2\/posts\/63303","targetHints":{"allow":["GET"]}}],"collection":[{"href":"https:\/\/linitiative.ca\/International\/wp-json\/wp\/v2\/posts"}],"about":[{"href":"https:\/\/linitiative.ca\/International\/wp-json\/wp\/v2\/types\/post"}],"author":[{"embeddable":true,"href":"https:\/\/linitiative.ca\/International\/wp-json\/wp\/v2\/users\/1790"}],"replies":[{"embeddable":true,"href":"https:\/\/linitiative.ca\/International\/wp-json\/wp\/v2\/comments?post=63303"}],"version-history":[{"count":0,"href":"https:\/\/linitiative.ca\/International\/wp-json\/wp\/v2\/posts\/63303\/revisions"}],"wp:attachment":[{"href":"https:\/\/linitiative.ca\/International\/wp-json\/wp\/v2\/media?parent=63303"}],"wp:term":[{"taxonomy":"category","embeddable":true,"href":"https:\/\/linitiative.ca\/International\/wp-json\/wp\/v2\/categories?post=63303"},{"taxonomy":"post_tag","embeddable":true,"href":"https:\/\/linitiative.ca\/International\/wp-json\/wp\/v2\/tags?post=63303"}],"curies":[{"name":"wp","href":"https:\/\/api.w.org\/{rel}","templated":true}]}}