{"id":63314,"date":"2019-10-04T13:13:17","date_gmt":"2019-10-04T17:13:17","guid":{"rendered":"https:\/\/linitiative.ca\/International\/95203-boxe-mondiaux-2019-elite-dames-imane-khelif-eliminee-en-32es\/"},"modified":"2019-10-04T13:13:17","modified_gmt":"2019-10-04T17:13:17","slug":"95203-boxe-mondiaux-2019-elite-dames-imane-khelif-eliminee-en-32es","status":"publish","type":"post","link":"https:\/\/linitiative.ca\/International\/95203-boxe-mondiaux-2019-elite-dames-imane-khelif-eliminee-en-32es\/","title":{"rendered":"Boxe\/Mondiaux 2019 (Elite\/Dames): Imane Khelif \u00e9limin\u00e9e en 32es"},"content":{"rendered":"<div>\n<div class=\"K2FeedIntroText\">\n<p><strong>ULAN UDE (Russie) &#8211; La boxeuse alg\u00e9rienne Imane Khelif a \u00e9t\u00e9 \u00e9limin\u00e9e vendredi des Championnats du monde (Elite \/ Dames), qui se d\u00e9roulent du 3 au 13 octobre 2019 \u00e0 Ulan Ude (Russie), apr\u00e8s sa d\u00e9faite en 32e de finale chez les 60 kilos, contre la Russe Nataliaa Shadrina (4-1).<\/strong><\/p>\n<\/div>\n<div class=\"K2FeedFullText\">\n<p>Une deuxi\u00e8me \u00e9limination pr\u00e9coce dans le camp alg\u00e9rien, apr\u00e8s celle de Rouma\u00efssa Boualem, qui avait concouru jeudi dans la cat\u00e9gorie des 51 kilos, o\u00f9 elle fut battue (4-1) par la Russe Aetbaeva Lilya, pour le compte des 16es de finale.<\/p>\n<p>Outre Khelif et Boualem, l&rsquo;Alg\u00e9rie a engag\u00e9 quatre autres boxeuses dans cette comp\u00e9tition, \u00e0 savoir : Fatiha Mansouri (48 kg), Widad Sefouh (54 kg), Hadjila Khelif (57 kg) et Chahira Selmouni (64 kg), encadr\u00e9es par les entra\u00eeneurs Abdelhani Kinzi, Hakima Khaled et Brahim Makhlouf.<\/p>\n<p>Trois parmi ces quatre boxeuses entreront en lice directement en 8es de finale, \u00e0 commencer par Selmouni et Mansouri, qui feront leur entr\u00e9e en lice lundi, respectivement la Tadjike Boboyorova Nilufar et la Bulgare Asenova Sevda Yuliyanova.<\/p>\n<p>Sefouh, quant \u00e0 elle, montera sur le ring mercredi, face \u00e0 la gagnante du combat mettant aux prises l&rsquo;Indienne Boro Jamuna et la Mongole Erdenedalai Michidmaa.<\/p>\n<p>La quatri\u00e8me et derni\u00e8re alg\u00e9rienne engag\u00e9e dans cette comp\u00e9tition, Khelif Hadjila d\u00e9fiera samedi la Polonaise Szlachic Kinga, pour le compte des 16es de finale.<\/p>\n<p>Au total, ces Mondiaux 2019 enregistrent la participation de 224 boxeuses, repr\u00e9sentant 57 pays.<\/p>\n<\/div>\n<p><img loading=\"lazy\" decoding=\"async\" src=\"http:\/\/feeds.feedburner.com\/~r\/aps-sport\/~4\/9sWdd9_yej4\" height=\"1\" width=\"1\" alt=\"\"><\/div>\n<p>Auteur:<br \/>\n<a href=\"http:\/\/www.aps.dz\/sport\/95203-boxe-mondiaux-2019-elite-dames-imane-khelif-eliminee-en-32es?utm_source=feedburner&#038;utm_medium=feed&#038;utm_campaign=Feed%3A+aps-sport+%28APS+-+SPORT%29\">Cliquez ici pour lire l&rsquo;article depuis sa source.<\/a><\/p>\n","protected":false},"excerpt":{"rendered":"<p>ULAN UDE (Russie) &#8211; La boxeuse alg\u00e9rienne Imane Khelif a \u00e9t\u00e9 \u00e9limin\u00e9e vendredi des Championnats du monde (Elite \/ Dames), qui se d\u00e9roulent du 3 au 13 octobre 2019 \u00e0 Ulan Ude (Russie), apr\u00e8s sa d\u00e9faite en 32e de finale chez les 60 kilos, contre la Russe Nataliaa Shadrina (4-1). Une deuxi\u00e8me \u00e9limination pr\u00e9coce dans [&hellip;]<\/p>\n","protected":false},"author":1790,"featured_media":0,"comment_status":"closed","ping_status":"closed","sticky":false,"template":"","format":"standard","meta":{"fifu_image_url":"","fifu_image_alt":"","footnotes":""},"categories":[53,75],"tags":[],"class_list":["post-63314","post","type-post","status-publish","format-standard","hentry","category-algerie","category-sport"],"_links":{"self":[{"href":"https:\/\/linitiative.ca\/International\/wp-json\/wp\/v2\/posts\/63314","targetHints":{"allow":["GET"]}}],"collection":[{"href":"https:\/\/linitiative.ca\/International\/wp-json\/wp\/v2\/posts"}],"about":[{"href":"https:\/\/linitiative.ca\/International\/wp-json\/wp\/v2\/types\/post"}],"author":[{"embeddable":true,"href":"https:\/\/linitiative.ca\/International\/wp-json\/wp\/v2\/users\/1790"}],"replies":[{"embeddable":true,"href":"https:\/\/linitiative.ca\/International\/wp-json\/wp\/v2\/comments?post=63314"}],"version-history":[{"count":0,"href":"https:\/\/linitiative.ca\/International\/wp-json\/wp\/v2\/posts\/63314\/revisions"}],"wp:attachment":[{"href":"https:\/\/linitiative.ca\/International\/wp-json\/wp\/v2\/media?parent=63314"}],"wp:term":[{"taxonomy":"category","embeddable":true,"href":"https:\/\/linitiative.ca\/International\/wp-json\/wp\/v2\/categories?post=63314"},{"taxonomy":"post_tag","embeddable":true,"href":"https:\/\/linitiative.ca\/International\/wp-json\/wp\/v2\/tags?post=63314"}],"curies":[{"name":"wp","href":"https:\/\/api.w.org\/{rel}","templated":true}]}}