{"id":63315,"date":"2019-10-04T13:17:34","date_gmt":"2019-10-04T17:17:34","guid":{"rendered":"https:\/\/linitiative.ca\/International\/95204-tour-international-d-iran-3e-etape-youcef-reguigui-en-6e-position\/"},"modified":"2019-10-04T13:17:34","modified_gmt":"2019-10-04T17:17:34","slug":"95204-tour-international-d-iran-3e-etape-youcef-reguigui-en-6e-position","status":"publish","type":"post","link":"https:\/\/linitiative.ca\/International\/95204-tour-international-d-iran-3e-etape-youcef-reguigui-en-6e-position\/","title":{"rendered":"Tour international d&rsquo;Iran (3e \u00e9tape): Youcef Reguigui en 6e position"},"content":{"rendered":"<div>\n<div class=\"K2FeedImage\"><img decoding=\"async\" src=\"http:\/\/www.aps.dz\/media\/k2\/items\/cache\/246ee9867484d31fa4e23b19d3682055_S.jpg\" alt=\"Tour international d'Iran (3e \u00e9tape): Youcef Reguigui en 6e position\"><\/div>\n<div class=\"K2FeedIntroText\">\n<p><strong>TABRIZ (Iran) &#8211; Le cycliste alg\u00e9rien Youcef Reguigui, soci\u00e9taire de l&rsquo;\u00e9quipe Terengganu pro Asia cycling, a occup\u00e9 la 6e place lors de la troisi\u00e8me \u00e9tape du tour d&rsquo;Iran, disput\u00e9e vendredi, sur une distance de 163 kilom\u00e8tres, entre Urmia et Tabriz.<\/strong><\/p>\n<\/div>\n<div class=\"K2FeedFullText\">\n<p>Cette \u00e9tape a \u00e9t\u00e9 remport\u00e9e par le Russe Savva Novikov, en 3h46.39, devant l&rsquo;Iranien Hamid Hacem, avec 0.03 centi\u00e8mes de retard, et le Moldave Cristian Raileane, avec 0.11 centi\u00e8mes de retard.<\/p>\n<p>Reguigui a accus\u00e9 pour sa part un retard de 0.15 centi\u00e8mes dans cette \u00e9tape, ce qui lui a valu la perte du maillot jaune au profit du russe Novikov, qui a enregistr\u00e9 un temps total de 11h26.53.<\/p>\n<hr>\n<h3>Lire aussi:\u00a0<a href=\"http:\/\/www.aps.dz\/sport\/95174-tour-international-iran-azerbaidjan-youcef-reguigui-remporte-la-2e-etape\" target=\"_blank\" rel=\"noopener noreferrer\">Tour international Iran- Azerba\u00efdjan: Youcef Reguigui remporte la 2e \u00e9tape<\/a><\/h3>\n<hr>\n<p>Reguigui, lui, r\u00e9gresse \u00e0 la 4e place de ce classement g\u00e9n\u00e9ral, avec un retard de 0.21 centi\u00e8mes.<\/p>\n<p>La 4e \u00e9tape de ce tour aura lieu le samedi 5 octobre, entre Tabriz et Sarein, sur une distance de 198 kilom\u00e8tres.<\/p>\n<\/div>\n<p><img loading=\"lazy\" decoding=\"async\" src=\"http:\/\/feeds.feedburner.com\/~r\/aps-sport\/~4\/tSAYLdRyUuA\" height=\"1\" width=\"1\" alt=\"\"><\/div>\n<p>Auteur:<br \/>\n<a href=\"http:\/\/www.aps.dz\/sport\/95204-tour-international-d-iran-3e-etape-youcef-reguigui-en-6e-position?utm_source=feedburner&#038;utm_medium=feed&#038;utm_campaign=Feed%3A+aps-sport+%28APS+-+SPORT%29\">Cliquez ici pour lire l&rsquo;article depuis sa source.<\/a><\/p>\n","protected":false},"excerpt":{"rendered":"<p>TABRIZ (Iran) &#8211; Le cycliste alg\u00e9rien Youcef Reguigui, soci\u00e9taire de l&rsquo;\u00e9quipe Terengganu pro Asia cycling, a occup\u00e9 la 6e place lors de la troisi\u00e8me \u00e9tape du tour d&rsquo;Iran, disput\u00e9e vendredi, sur une distance de 163 kilom\u00e8tres, entre Urmia et Tabriz. Cette \u00e9tape a \u00e9t\u00e9 remport\u00e9e par le Russe Savva Novikov, en 3h46.39, devant l&rsquo;Iranien Hamid [&hellip;]<\/p>\n","protected":false},"author":1790,"featured_media":63316,"comment_status":"closed","ping_status":"closed","sticky":false,"template":"","format":"standard","meta":{"fifu_image_url":"","fifu_image_alt":"","footnotes":""},"categories":[53,75],"tags":[],"class_list":["post-63315","post","type-post","status-publish","format-standard","has-post-thumbnail","hentry","category-algerie","category-sport"],"_links":{"self":[{"href":"https:\/\/linitiative.ca\/International\/wp-json\/wp\/v2\/posts\/63315","targetHints":{"allow":["GET"]}}],"collection":[{"href":"https:\/\/linitiative.ca\/International\/wp-json\/wp\/v2\/posts"}],"about":[{"href":"https:\/\/linitiative.ca\/International\/wp-json\/wp\/v2\/types\/post"}],"author":[{"embeddable":true,"href":"https:\/\/linitiative.ca\/International\/wp-json\/wp\/v2\/users\/1790"}],"replies":[{"embeddable":true,"href":"https:\/\/linitiative.ca\/International\/wp-json\/wp\/v2\/comments?post=63315"}],"version-history":[{"count":0,"href":"https:\/\/linitiative.ca\/International\/wp-json\/wp\/v2\/posts\/63315\/revisions"}],"wp:featuredmedia":[{"embeddable":true,"href":"https:\/\/linitiative.ca\/International\/wp-json\/"}],"wp:attachment":[{"href":"https:\/\/linitiative.ca\/International\/wp-json\/wp\/v2\/media?parent=63315"}],"wp:term":[{"taxonomy":"category","embeddable":true,"href":"https:\/\/linitiative.ca\/International\/wp-json\/wp\/v2\/categories?post=63315"},{"taxonomy":"post_tag","embeddable":true,"href":"https:\/\/linitiative.ca\/International\/wp-json\/wp\/v2\/tags?post=63315"}],"curies":[{"name":"wp","href":"https:\/\/api.w.org\/{rel}","templated":true}]}}