{"id":63323,"date":"2019-10-04T12:45:00","date_gmt":"2019-10-04T16:45:00","guid":{"rendered":"https:\/\/linitiative.ca\/International\/presidentielle-du-12-decembre-le-rnd-approuve-la-candidature-de-mihoubi\/"},"modified":"2019-10-04T12:45:00","modified_gmt":"2019-10-04T16:45:00","slug":"presidentielle-du-12-decembre-le-rnd-approuve-la-candidature-de-mihoubi","status":"publish","type":"post","link":"https:\/\/linitiative.ca\/International\/presidentielle-du-12-decembre-le-rnd-approuve-la-candidature-de-mihoubi\/","title":{"rendered":"PRESIDENTIELLE DU 12 DECEMBRE  : Le RND approuve la candidature de Mihoubi"},"content":{"rendered":"<p><br id=\"sep_para_1\" class=\"sep_para access\"\/><\/p>\n<div id=\"para_1\" class=\"para_33342394 resize\">\n<div class=\"texte access firstletter\">Le Rassemblement national d\u00e9mocratique (RND) a approuv\u00e9 ce vendredi 4 octobre, la candidature de son secr\u00e9taire g\u00e9n\u00e9ral Azzeddine Mihoubi pour la prochaine \u00e9lection pr\u00e9sidentielle du 12 d\u00e9cembre. En marge de la 7e session de son Bureau national, l\u2019ex-parti d\u2019Ahmed Ouyahia a approuv\u00e9 \u00e0 la majorit\u00e9 \u00e9crasante la candidature de l\u2019ex-ministre de la Culture Azzeddine Mihoubi (2015-2019). Pour rappel, le RND a proc\u00e9d\u00e9, dimanche dernier, au retrait des formulaires de souscription de signature pour l\u2019\u00e9lection pr\u00e9sidentielle. Pour M. Mihoubi, c\u2019est une premi\u00e8re pour le parti d\u2019afficher une position claire et de proposer un candidat \u00e0 la pr\u00e9sidentielle. Ce parti qui, selon lui, \u0153uvre exclusivement dans l\u2019int\u00e9r\u00eat du peuple et de la patrie. Pour le nouveau Secr\u00e9taire g\u00e9n\u00e9ral du RND, les \u00e9lections pr\u00e9sidentielles constituent un passage obligatoire pour une r\u00e9solution de la crise politique. Il en appel ainsi aux militants \u00e0 faire en sorte que ce rendez-vous \u00e9lectoral soit une r\u00e9ussite.<\/div>\n<\/div>\n<p>Auteur: Ismain<br \/>\n<a href=\"https:\/\/www.reflexiondz.net\/PRESIDENTIELLE-DU-12-DECEMBRE-Le-RND-approuve-la-candidature-de-Mihoubi_a58007.html\">Cliquez ici pour lire l&rsquo;article depuis sa source.<\/a><\/p>\n","protected":false},"excerpt":{"rendered":"<p>Le Rassemblement national d\u00e9mocratique (RND) a approuv\u00e9 ce vendredi 4 octobre, la candidature de son secr\u00e9taire g\u00e9n\u00e9ral Azzeddine Mihoubi pour la prochaine \u00e9lection pr\u00e9sidentielle du 12 d\u00e9cembre. En marge de la 7e session de son Bureau national, l\u2019ex-parti d\u2019Ahmed Ouyahia a approuv\u00e9 \u00e0 la majorit\u00e9 \u00e9crasante la candidature de l\u2019ex-ministre de la Culture Azzeddine Mihoubi [&hellip;]<\/p>\n","protected":false},"author":1740,"featured_media":0,"comment_status":"closed","ping_status":"closed","sticky":false,"template":"","format":"standard","meta":{"fifu_image_url":"","fifu_image_alt":"","footnotes":""},"categories":[53,76],"tags":[],"class_list":["post-63323","post","type-post","status-publish","format-standard","hentry","category-algerie","category-regions"],"_links":{"self":[{"href":"https:\/\/linitiative.ca\/International\/wp-json\/wp\/v2\/posts\/63323","targetHints":{"allow":["GET"]}}],"collection":[{"href":"https:\/\/linitiative.ca\/International\/wp-json\/wp\/v2\/posts"}],"about":[{"href":"https:\/\/linitiative.ca\/International\/wp-json\/wp\/v2\/types\/post"}],"author":[{"embeddable":true,"href":"https:\/\/linitiative.ca\/International\/wp-json\/wp\/v2\/users\/1740"}],"replies":[{"embeddable":true,"href":"https:\/\/linitiative.ca\/International\/wp-json\/wp\/v2\/comments?post=63323"}],"version-history":[{"count":0,"href":"https:\/\/linitiative.ca\/International\/wp-json\/wp\/v2\/posts\/63323\/revisions"}],"wp:attachment":[{"href":"https:\/\/linitiative.ca\/International\/wp-json\/wp\/v2\/media?parent=63323"}],"wp:term":[{"taxonomy":"category","embeddable":true,"href":"https:\/\/linitiative.ca\/International\/wp-json\/wp\/v2\/categories?post=63323"},{"taxonomy":"post_tag","embeddable":true,"href":"https:\/\/linitiative.ca\/International\/wp-json\/wp\/v2\/tags?post=63323"}],"curies":[{"name":"wp","href":"https:\/\/api.w.org\/{rel}","templated":true}]}}