{"id":63324,"date":"2019-10-04T12:45:00","date_gmt":"2019-10-04T16:45:00","guid":{"rendered":"https:\/\/linitiative.ca\/International\/logements-aadl-1-remise-des-cles-dun-nouveau-quota-a-alger\/"},"modified":"2019-10-04T12:45:00","modified_gmt":"2019-10-04T16:45:00","slug":"logements-aadl-1-remise-des-cles-dun-nouveau-quota-a-alger","status":"publish","type":"post","link":"https:\/\/linitiative.ca\/International\/logements-aadl-1-remise-des-cles-dun-nouveau-quota-a-alger\/","title":{"rendered":"LOGEMENTS AADL 1 : Remise des cl\u00e9s d\u2019un  nouveau quota \u00e0 Alger"},"content":{"rendered":"<p><br id=\"sep_para_1\" class=\"sep_para access\"\/><\/p>\n<div id=\"para_1\" class=\"para_33342281 resize\">\n<div class=\"texte access firstletter\">L\u2019Agence nationale d\u2019am\u00e9lioration et de d\u00e9veloppement du logement (AADL) a entam\u00e9 une nouvelle op\u00e9ration de remise des cl\u00e9s au profit des souscripteurs 2001-2002 (AADL1) de la wilaya d\u2019Alger, et qui concerne plusieurs sites \u00e0 Sidi Abdellah, Bouinan, Ain El Malha et Ouled Fayet. \u00ab L\u2019AADL, porte \u00e0 la connaissance des b\u00e9n\u00e9ficiaires du programme de logements location-vente 2001-2002 (wilaya d\u2019Alger) concern\u00e9s par la livraison, qu\u2019ils peuvent proc\u00e9der via site web au retrait des RDV de remise des cl\u00e9s \u00e0 partir du 02 octobre en cours (Apr\u00e8s-midi) \u00bb, a pr\u00e9cis\u00e9 l\u2019Agence\u00a0 dans un communiqu\u00e9 publi\u00e9 sur son site officiel. Les sites concern\u00e9s par cette op\u00e9ration sont les\u00a0 2.173 logements Sidi Abdellah Q29, 5.000 logements Kur Sidi Abdellah , 3.000 logements Aslan Sidi Abdellah, Q 28-29 logements Site 1 et 2 , 3.100 logements Bouinan et les 3.000 logements Bouinan. Ils s\u2019agit \u00e9galement des sites 2.600 logements Bouinan, 2.000 logements Bouinan , 5.000 logements Bouinan , 1.500 logements Ain El Malha, ainsi que le site 1.500 logements Ouled Fayet. Cette op\u00e9ration s\u2019inscrit dans le cadre de la finalisation du programme de logements de type location-vente 2001-2002.<\/div>\n<\/div>\n<p>Auteur: Ismain<br \/>\n<a href=\"https:\/\/www.reflexiondz.net\/LOGEMENTS-AADL-1-Remise-des-cles-d-un-nouveau-quota-a-Alger_a58002.html\">Cliquez ici pour lire l&rsquo;article depuis sa source.<\/a><\/p>\n","protected":false},"excerpt":{"rendered":"<p>L\u2019Agence nationale d\u2019am\u00e9lioration et de d\u00e9veloppement du logement (AADL) a entam\u00e9 une nouvelle op\u00e9ration de remise des cl\u00e9s au profit des souscripteurs 2001-2002 (AADL1) de la wilaya d\u2019Alger, et qui concerne plusieurs sites \u00e0 Sidi Abdellah, Bouinan, Ain El Malha et Ouled Fayet. \u00ab L\u2019AADL, porte \u00e0 la connaissance des b\u00e9n\u00e9ficiaires du programme de logements [&hellip;]<\/p>\n","protected":false},"author":1740,"featured_media":0,"comment_status":"closed","ping_status":"closed","sticky":false,"template":"","format":"standard","meta":{"fifu_image_url":"","fifu_image_alt":"","footnotes":""},"categories":[53,76],"tags":[],"class_list":["post-63324","post","type-post","status-publish","format-standard","hentry","category-algerie","category-regions"],"_links":{"self":[{"href":"https:\/\/linitiative.ca\/International\/wp-json\/wp\/v2\/posts\/63324","targetHints":{"allow":["GET"]}}],"collection":[{"href":"https:\/\/linitiative.ca\/International\/wp-json\/wp\/v2\/posts"}],"about":[{"href":"https:\/\/linitiative.ca\/International\/wp-json\/wp\/v2\/types\/post"}],"author":[{"embeddable":true,"href":"https:\/\/linitiative.ca\/International\/wp-json\/wp\/v2\/users\/1740"}],"replies":[{"embeddable":true,"href":"https:\/\/linitiative.ca\/International\/wp-json\/wp\/v2\/comments?post=63324"}],"version-history":[{"count":0,"href":"https:\/\/linitiative.ca\/International\/wp-json\/wp\/v2\/posts\/63324\/revisions"}],"wp:attachment":[{"href":"https:\/\/linitiative.ca\/International\/wp-json\/wp\/v2\/media?parent=63324"}],"wp:term":[{"taxonomy":"category","embeddable":true,"href":"https:\/\/linitiative.ca\/International\/wp-json\/wp\/v2\/categories?post=63324"},{"taxonomy":"post_tag","embeddable":true,"href":"https:\/\/linitiative.ca\/International\/wp-json\/wp\/v2\/tags?post=63324"}],"curies":[{"name":"wp","href":"https:\/\/api.w.org\/{rel}","templated":true}]}}