{"id":63325,"date":"2019-10-04T12:45:00","date_gmt":"2019-10-04T16:45:00","guid":{"rendered":"https:\/\/linitiative.ca\/International\/ugta-le-sg-reclame-une-baisse-de-limpot-sur-les-salaires\/"},"modified":"2019-10-04T12:45:00","modified_gmt":"2019-10-04T16:45:00","slug":"ugta-le-sg-reclame-une-baisse-de-limpot-sur-les-salaires","status":"publish","type":"post","link":"https:\/\/linitiative.ca\/International\/ugta-le-sg-reclame-une-baisse-de-limpot-sur-les-salaires\/","title":{"rendered":"UGTA  : Le SG r\u00e9clame  une baisse de l\u2019imp\u00f4t  sur les salaires"},"content":{"rendered":"<p><br id=\"sep_para_1\" class=\"sep_para access\"\/><\/p>\n<div id=\"para_1\" class=\"para_33342276 resize\">\n<div class=\"texte access firstletter\">Au cours d\u2019un regroupement r\u00e9gional avec les cadres syndicaux de 17 wilayas de l\u2019Est du pays, le secr\u00e9taire g\u00e9n\u00e9ral de la centrale syndicale, Salim Labatcha a affirm\u00e9 que la nouvelle orientation de l\u2019UGTA issue de son congr\u00e8s de renouvellement, tenu en juillet pass\u00e9, \u0153uvre pour l\u2019\u00e9quit\u00e9 face aux imp\u00f4ts. Selon lui, il est \u00ab inadmissible \u00bb qu\u2019un simple travailleur verse plus de 30 % de son revenu \u00e0 l\u2019imp\u00f4t, estimant \u00ab injuste de b\u00e2tir l\u2019imp\u00f4t sur les salaires des travailleurs \u00bb. La charge de l\u2019imp\u00f4t doit \u00eatre r\u00e9partie \u00e9quitablement par l\u2019\u00e9tablissement notamment d\u2019imp\u00f4ts sur la fortune, a-t-il estim\u00e9 ajoutant que cette revendication a \u00e9t\u00e9 exprim\u00e9e en permanence par des parlementaires lors de l\u2019examen des projets de lois de finances, mais a \u00e9t\u00e9 toujours rejet\u00e9e. Le m\u00eame responsable a estim\u00e9, par ailleurs, qu\u2019en cas de baisse de l\u2019imp\u00f4t sur les salaires, il faut qu\u2019il n\u2019y ait pas dans le m\u00eame temps des augmentations des prix des produits alimentaires. Sur le plan politique, le secr\u00e9taire g\u00e9n\u00e9ral de l\u2019UGTA a appel\u00e9 \u00e0 aller vers des \u00e9lections pr\u00e9sidentielles qui permettront au peuple de choisir ses responsables en toute transparence assurant que l\u2019UGTA n\u2019appellera pas dans cette nouvelle \u00e8re les travailleurs \u00e0 voter pour quiconque des candidats comme par le pass\u00e9.<\/div>\n<\/div>\n<p>Auteur: Nadine<br \/>\n<a href=\"https:\/\/www.reflexiondz.net\/UGTA-Le-SG-reclame-une-baisse-de-l-impot-sur-les-salaires_a58001.html\">Cliquez ici pour lire l&rsquo;article depuis sa source.<\/a><\/p>\n","protected":false},"excerpt":{"rendered":"<p>Au cours d\u2019un regroupement r\u00e9gional avec les cadres syndicaux de 17 wilayas de l\u2019Est du pays, le secr\u00e9taire g\u00e9n\u00e9ral de la centrale syndicale, Salim Labatcha a affirm\u00e9 que la nouvelle orientation de l\u2019UGTA issue de son congr\u00e8s de renouvellement, tenu en juillet pass\u00e9, \u0153uvre pour l\u2019\u00e9quit\u00e9 face aux imp\u00f4ts. Selon lui, il est \u00ab inadmissible [&hellip;]<\/p>\n","protected":false},"author":1740,"featured_media":0,"comment_status":"closed","ping_status":"closed","sticky":false,"template":"","format":"standard","meta":{"fifu_image_url":"","fifu_image_alt":"","footnotes":""},"categories":[53,76],"tags":[],"class_list":["post-63325","post","type-post","status-publish","format-standard","hentry","category-algerie","category-regions"],"_links":{"self":[{"href":"https:\/\/linitiative.ca\/International\/wp-json\/wp\/v2\/posts\/63325","targetHints":{"allow":["GET"]}}],"collection":[{"href":"https:\/\/linitiative.ca\/International\/wp-json\/wp\/v2\/posts"}],"about":[{"href":"https:\/\/linitiative.ca\/International\/wp-json\/wp\/v2\/types\/post"}],"author":[{"embeddable":true,"href":"https:\/\/linitiative.ca\/International\/wp-json\/wp\/v2\/users\/1740"}],"replies":[{"embeddable":true,"href":"https:\/\/linitiative.ca\/International\/wp-json\/wp\/v2\/comments?post=63325"}],"version-history":[{"count":0,"href":"https:\/\/linitiative.ca\/International\/wp-json\/wp\/v2\/posts\/63325\/revisions"}],"wp:attachment":[{"href":"https:\/\/linitiative.ca\/International\/wp-json\/wp\/v2\/media?parent=63325"}],"wp:term":[{"taxonomy":"category","embeddable":true,"href":"https:\/\/linitiative.ca\/International\/wp-json\/wp\/v2\/categories?post=63325"},{"taxonomy":"post_tag","embeddable":true,"href":"https:\/\/linitiative.ca\/International\/wp-json\/wp\/v2\/tags?post=63325"}],"curies":[{"name":"wp","href":"https:\/\/api.w.org\/{rel}","templated":true}]}}