{"id":63326,"date":"2019-10-04T12:49:00","date_gmt":"2019-10-04T16:49:00","guid":{"rendered":"https:\/\/linitiative.ca\/International\/oran-detournement-de-30-milliards-de-centimes-au-chu\/"},"modified":"2019-10-04T12:49:00","modified_gmt":"2019-10-04T16:49:00","slug":"oran-detournement-de-30-milliards-de-centimes-au-chu","status":"publish","type":"post","link":"https:\/\/linitiative.ca\/International\/oran-detournement-de-30-milliards-de-centimes-au-chu\/","title":{"rendered":"ORAN : D\u00e9tournement de 30 milliards de centimes au CHU"},"content":{"rendered":"<p><br id=\"sep_para_1\" class=\"sep_para access\"\/><\/p>\n<div id=\"para_1\" class=\"para_33342436 resize\">\n<div class=\"photo shadow left\"><a href=\"javascript:void(0)\" rel=\"https:\/\/www.reflexiondz.net\/photo\/art\/grande\/37942278-33342436.jpg?v=1570209224&#038;ibox\" title=\"ORAN : D\u00e9tournement de 30 milliards de centimes au CHU\"><img decoding=\"async\" class=\"responsive c9\" src=\"https:\/\/www.reflexiondz.net\/photo\/art\/grande\/37942278-33342436.jpg?v=1570209224\" alt=\"ORAN : D\u00e9tournement de 30 milliards de centimes au CHU\" title=\"ORAN : D\u00e9tournement de 30 milliards de centimes au CHU\"\/><img decoding=\"async\" class=\"not-responsive\" src=\"https:\/\/www.reflexiondz.net\/photo\/art\/default\/37942278-33342436.jpg?v=1570209226\" alt=\"ORAN : D\u00e9tournement de 30 milliards de centimes au CHU\" title=\"ORAN : D\u00e9tournement de 30 milliards de centimes au CHU\"\/><\/a><\/div>\n<div class=\"texte access firstletter\">Rien ne va plus dans les \u00e9tablissements publics relevant du secteur de la sant\u00e9, et l&rsquo;exemple est frappant, celui de l&rsquo;ex-Directeur g\u00e9n\u00e9ral du CHU d\u2019Oran, qui n\u2019aurait \u00a0\u00bbpas h\u00e9sit\u00e9 \u00e0 d\u00e9tourner une importante somme de 300 millions de dinars. C\u2019est ce qui ressort des enqu\u00eates men\u00e9es par les \u00e9l\u00e9ments des services de s\u00e9curit\u00e9 qui ont fait \u00e9tat de divers lourds dossiers portant sur des faits de corruption dans lesquels est directement impliqu\u00e9 le Directeur du CHU d\u2019Oran \u00ab Dr Benzerdjeb \u00bb, le d\u00e9nomm\u00e9 \u00ab B.B \u00bb ! Ce dernier a \u00e9t\u00e9 arr\u00eat\u00e9 ce jeudi 3 octobre en attendant sa comparution devant le procureur pr\u00e8s le tribunal de Cit\u00e9 Djamel. Parmi les dossiers ayant conduit \u00e0 cette v\u00e9ritable saign\u00e9e des finances de cet \u00e9tablissement, le site Ennahar Online qui rapporte l\u2019information, \u00e9voque l\u2019attribution de divers march\u00e9s.\u00a0\u00a0\u00a0\u00a0<\/div>\n<\/div>\n<p>Auteur: Medjadji H.<br \/>\n<a href=\"https:\/\/www.reflexiondz.net\/ORAN-Detournement-de-30-milliards-de-centimes-au-CHU_a58008.html\">Cliquez ici pour lire l&rsquo;article depuis sa source.<\/a><\/p>\n","protected":false},"excerpt":{"rendered":"<p>Rien ne va plus dans les \u00e9tablissements publics relevant du secteur de la sant\u00e9, et l&rsquo;exemple est frappant, celui de l&rsquo;ex-Directeur g\u00e9n\u00e9ral du CHU d\u2019Oran, qui n\u2019aurait \u00a0\u00bbpas h\u00e9sit\u00e9 \u00e0 d\u00e9tourner une importante somme de 300 millions de dinars. C\u2019est ce qui ressort des enqu\u00eates men\u00e9es par les \u00e9l\u00e9ments des services de s\u00e9curit\u00e9 qui ont [&hellip;]<\/p>\n","protected":false},"author":1740,"featured_media":0,"comment_status":"closed","ping_status":"closed","sticky":false,"template":"","format":"standard","meta":{"fifu_image_url":"","fifu_image_alt":"","footnotes":""},"categories":[53,76],"tags":[],"class_list":["post-63326","post","type-post","status-publish","format-standard","hentry","category-algerie","category-regions"],"_links":{"self":[{"href":"https:\/\/linitiative.ca\/International\/wp-json\/wp\/v2\/posts\/63326","targetHints":{"allow":["GET"]}}],"collection":[{"href":"https:\/\/linitiative.ca\/International\/wp-json\/wp\/v2\/posts"}],"about":[{"href":"https:\/\/linitiative.ca\/International\/wp-json\/wp\/v2\/types\/post"}],"author":[{"embeddable":true,"href":"https:\/\/linitiative.ca\/International\/wp-json\/wp\/v2\/users\/1740"}],"replies":[{"embeddable":true,"href":"https:\/\/linitiative.ca\/International\/wp-json\/wp\/v2\/comments?post=63326"}],"version-history":[{"count":0,"href":"https:\/\/linitiative.ca\/International\/wp-json\/wp\/v2\/posts\/63326\/revisions"}],"wp:attachment":[{"href":"https:\/\/linitiative.ca\/International\/wp-json\/wp\/v2\/media?parent=63326"}],"wp:term":[{"taxonomy":"category","embeddable":true,"href":"https:\/\/linitiative.ca\/International\/wp-json\/wp\/v2\/categories?post=63326"},{"taxonomy":"post_tag","embeddable":true,"href":"https:\/\/linitiative.ca\/International\/wp-json\/wp\/v2\/tags?post=63326"}],"curies":[{"name":"wp","href":"https:\/\/api.w.org\/{rel}","templated":true}]}}