{"id":63340,"date":"2019-10-04T10:18:11","date_gmt":"2019-10-04T14:18:11","guid":{"rendered":"https:\/\/linitiative.ca\/International\/pour-une-bonne-gouvernance-des-industries-culturelles\/"},"modified":"2019-10-04T10:18:11","modified_gmt":"2019-10-04T14:18:11","slug":"pour-une-bonne-gouvernance-des-industries-culturelles","status":"publish","type":"post","link":"https:\/\/linitiative.ca\/International\/pour-une-bonne-gouvernance-des-industries-culturelles\/","title":{"rendered":"Pour une bonne gouvernance des industries culturelles"},"content":{"rendered":"<p><strong>Enfin une rencontre nationale sur la culture. Cet \u00e9v\u00e8nement tant attendu devra permettre \u00e0 tous les acteurs dans le domaine, de faire le point, et surtout de montrer \u00e0 quel point le d\u00e9veloppement de la culture est de plus en plus incontournable dans le contexte actuel.<\/strong><\/p>\n<div class=\"c10\"\/>\n<p>L\u2019organisation des premi\u00e8res <strong>Assises des industries culturelles et cr\u00e9atives<\/strong> consacre parfaitement cette compl\u00e9mentarit\u00e9 cultiv\u00e9e \u00e0 travers le Partenariat Public Priv\u00e9, bien qu\u2019il s\u2019agisse l\u00e0 d\u2019un domaine consid\u00e9r\u00e9 souvent comme \u00e9tant rebelle \u00e0 la rationalit\u00e9 politique et \u00e0 la rationalit\u00e9 marchande.<\/p>\n<p>Trois langues sont affich\u00e9es\u00a0: l\u2019arabe, l\u2019amazigh et le fran\u00e7ais. Les couleurs multiples en mouvement rappellent la dynamique du temps et de l\u2019espace\u00a0: l\u2019infini multidimensionnel, l\u00e0 o\u00f9 universel et sp\u00e9cifique s\u2019\u00e9loignent et se rapprochent\u2026<\/p>\n<p>Un parterre pluriel, \u00e0 l\u2019image de notre soci\u00e9t\u00e9, le Maroc \u00e9tant une terre de rencontre des cultures, d\u2019ouverture et de tol\u00e9rance. Cela se voit \u00e0 tous les niveaux. Il suffit de bien ouvrir les yeux et d\u2019observer cette extraordinaire diversit\u00e9, source de richesse\u2026<\/p>\n<p><strong>Plus de 550 participants, annonce le tonitruant Thami Ghorfi\u00a0!<\/strong><\/p>\n<p>Un \u00ab\u00a0emp\u00eachement de derni\u00e8re minute\u00a0\u00bb n\u2019a pas permis au Chef de Gouvernement de faire l\u2019ouverture de cet \u00e9v\u00e8nement tant attendu. Apr\u00e8s la pr\u00e9sentation de quelques chiffres cl\u00e9s par le ministre de la culture refl\u00e9tant le poids et l\u2019importance de la culture au Maroc, Lahbib El Malki, pr\u00e9sident de la Chambre des repr\u00e9sentants, est intervenu pour souligner le <strong>caract\u00e8re multidimensionnel de la culture<\/strong>, tout en mettant en avant le lien profond entre les aspects \u00e9conomiques et les aspects extra-\u00e9conomiques.<\/p>\n<p>A son tour, Ahmed Reda Chami, pr\u00e9sident du Conseil \u00e9conomique, social et environnemental (CESE), a \u00e9voqu\u00e9 la n\u00e9cessit\u00e9 d\u2019adopter une strat\u00e9gie de d\u00e9veloppement de l\u2019\u00e9conomie culturelle, \u00e0 travers notamment des mesures favorables \u00e0 l\u2019investissement dans ce secteur, en encourageant l\u2019entrepreneuriat dans ce domaine, en pr\u00e9voyant des incitations fiscales sp\u00e9cifiques, la refonte des fonds d\u2019appui aux activit\u00e9s culturelles\u2026, le tout dans le cadre du <strong>PPP<\/strong>.<\/p>\n<p>Zouhair Chorfi, secr\u00e9taire g\u00e9n\u00e9ral du minist\u00e8re de l\u2019Economie et des Finances, parlant au nom de son ministre, a, \u00e0 travers son intervention, confirm\u00e9 officiellement l\u2019appui ferme du gouvernement au secteur de la culture, rappelant que l\u2019Etat y a consacr\u00e9, au cours de cette ann\u00e9e, pas moins de 1,1 milliard de dirhams. Chorfi a aussi insist\u00e9 sur la n\u00e9cessit\u00e9 de regrouper les fonds d\u2019appui actuellement existants, en un seul fonds pour une meilleure gouvernance du domaine de la culture.<\/p>\n<p>Enfin, Neila Tazi, repr\u00e9sentant la <strong>CGEM<\/strong>, a r\u00e9v\u00e9l\u00e9 \u00e0 quel point, l\u2019\u00eatre humain est d\u2019abord une esp\u00e8ce qui se distingue des autres esp\u00e8ces par la culture, laquelle est incontournable dans la conception de tout mod\u00e8le de d\u00e9veloppement durable, centr\u00e9 sur le bien-\u00eatre humain dans le respect de son environnement naturel.<\/p>\n<div class=\"c17\">\n<fieldset class=\"c16\">\n<legend><strong><span class=\"c11\">Challenge<\/span><span class=\"c12\">news<\/span><\/strong><\/legend>\n<div class=\"c15\">Le meilleur de la r\u00e9daction s\u00e9lectionn\u00e9 par Challenge :<\/p>\n<\/div>\n<\/fieldset>\n<\/div>\n<p>Auteur: Mohamed Amine<br \/>\n<a href=\"https:\/\/www.challenge.ma\/pour-une-bonne-gouvernance-des-industries-culturelles-119154\/\">Cliquez ici pour lire l&rsquo;article depuis sa source.<\/a><\/p>\n","protected":false},"excerpt":{"rendered":"<p>Enfin une rencontre nationale sur la culture. Cet \u00e9v\u00e8nement tant attendu devra permettre \u00e0 tous les acteurs dans le domaine, de faire le point, et surtout de montrer \u00e0 quel point le d\u00e9veloppement de la culture est de plus en plus incontournable dans le contexte actuel. L\u2019organisation des premi\u00e8res Assises des industries culturelles et cr\u00e9atives [&hellip;]<\/p>\n","protected":false},"author":1787,"featured_media":0,"comment_status":"closed","ping_status":"closed","sticky":false,"template":"","format":"standard","meta":{"fifu_image_url":"","fifu_image_alt":"","footnotes":""},"categories":[78,54],"tags":[],"class_list":["post-63340","post","type-post","status-publish","format-standard","hentry","category-economie","category-maroc"],"_links":{"self":[{"href":"https:\/\/linitiative.ca\/International\/wp-json\/wp\/v2\/posts\/63340","targetHints":{"allow":["GET"]}}],"collection":[{"href":"https:\/\/linitiative.ca\/International\/wp-json\/wp\/v2\/posts"}],"about":[{"href":"https:\/\/linitiative.ca\/International\/wp-json\/wp\/v2\/types\/post"}],"author":[{"embeddable":true,"href":"https:\/\/linitiative.ca\/International\/wp-json\/wp\/v2\/users\/1787"}],"replies":[{"embeddable":true,"href":"https:\/\/linitiative.ca\/International\/wp-json\/wp\/v2\/comments?post=63340"}],"version-history":[{"count":0,"href":"https:\/\/linitiative.ca\/International\/wp-json\/wp\/v2\/posts\/63340\/revisions"}],"wp:attachment":[{"href":"https:\/\/linitiative.ca\/International\/wp-json\/wp\/v2\/media?parent=63340"}],"wp:term":[{"taxonomy":"category","embeddable":true,"href":"https:\/\/linitiative.ca\/International\/wp-json\/wp\/v2\/categories?post=63340"},{"taxonomy":"post_tag","embeddable":true,"href":"https:\/\/linitiative.ca\/International\/wp-json\/wp\/v2\/tags?post=63340"}],"curies":[{"name":"wp","href":"https:\/\/api.w.org\/{rel}","templated":true}]}}