{"id":63341,"date":"2019-10-04T10:44:05","date_gmt":"2019-10-04T14:44:05","guid":{"rendered":"https:\/\/linitiative.ca\/International\/les-nouveaux-defis-devoiles-par-la-fondation-attijariwafa-bank\/"},"modified":"2019-10-04T10:44:05","modified_gmt":"2019-10-04T14:44:05","slug":"les-nouveaux-defis-devoiles-par-la-fondation-attijariwafa-bank","status":"publish","type":"post","link":"https:\/\/linitiative.ca\/International\/les-nouveaux-defis-devoiles-par-la-fondation-attijariwafa-bank\/","title":{"rendered":"Les nouveaux d\u00e9fis d\u00e9voil\u00e9s par la Fondation Attijariwafa bank"},"content":{"rendered":"<p><strong>Le P\u00f4le Edition &#038; D\u00e9bats de la Fondation Attijariwafa bank a organis\u00e9,<\/strong> <strong>jeudi \u00e0 Casablanca<\/strong>, <strong>la 52\u00e8me \u00e9dition de son cycle de conf\u00e9rences \u00ab\u00a0Echanger pour mieux comprendre\u00a0\u00bb.<\/strong><\/p>\n<div class=\"c10\"\/>\n<\/p>\n<div class=\"wp-block-embed__wrapper\"><iframe loading=\"lazy\" title=\"Attijariwafa bank: La formation professionnelle au service des m\u00e9tiers du futur\" width=\"1140\" height=\"641\" src=\"https:\/\/www.youtube.com\/embed\/H3Qo0xOLAcs?feature=oembed\" frameborder=\"0\" allow=\"accelerometer; autoplay; encrypted-media; gyroscope; picture-in-picture\" allowfullscreen=\"\">[embedded content]<\/iframe><\/div>\n<p>Une conf\u00e9rence-d\u00e9bat qui s\u2019est d\u00e9roul\u00e9e sous le th\u00e8me \u00ab\u00a0Emploi des jeunes : la formation professionnelle s\u2019ouvre aux m\u00e9tiers du futur\u00a0\u00bb, en pr\u00e9sence de Mohamed El Kettani, pr\u00e9sident directeur g\u00e9n\u00e9ral du groupe <strong>Attijariwafa bank.<\/strong><\/p>\n<p>Cette rencontre a permis d\u2019apporter des \u00e9clairages sur la nouvelle strat\u00e9gie de l\u2019<strong>OFPPT<\/strong> en mati\u00e8re de formation professionnelle et d\u2019analyser le march\u00e9 de l\u2019emploi qui conna\u00eet et conna\u00eetra des mutations permanentes, dans un contexte de r\u00e9volution num\u00e9rique et technologique. \u00ab\u00a0Comme l\u2019avait d\u00e9clar\u00e9 Sa Majest\u00e9 le Roi Mohammed VI, dans son discours du 21 ao\u00fbt 2019, la promotion de la formation professionnelle est d\u00e9sormais une n\u00e9cessit\u00e9 imp\u00e9rieuse, non seulement pour cr\u00e9er de nouveaux emplois, mais aussi pour mettre le Maroc en capacit\u00e9 de relever les d\u00e9fis de la comp\u00e9titivit\u00e9 \u00e9conomique, et d\u2019\u00eatre en phase avec les nouvelles \u00e9volutions mondiales survenues dans divers domaines \u00bb, souligne Mohamed El Kettani.<\/p>\n<p>Cette rencontre a r\u00e9uni un panel compos\u00e9 de Loubna Tricha, directrice g\u00e9n\u00e9rale de l\u2019Office de la Formation Professionnelle et de Promotion du Travail\u00a0(OFPPT), Sofia Nouri, Managing Partner de N2Growth Morocco, Fatima Zahra Azzaoui, responsable de l\u2019Institut de Formation aux M\u00e9tiers de l\u2019Industrie Automobile de Tanger Free Zone (IFMIA) du Groupe Renault Maroc, et Hamza Debbarh, fondateur de la 3W Academy Maroc. Objectif\u00a0: \u00e9changer avec le secteur priv\u00e9 pour recueillir des <strong>recommandations<\/strong> pour le d\u00e9veloppement de l\u2019offre de la formation professionnelle.<\/p>\n<p><img decoding=\"async\" src=\"https:\/\/www.challenge.ma\/wp-content\/uploads\/2019\/10\/WhatsApp-Image-2019-10-04-at-15.15.09-1024x681.jpeg\" alt=\"\" class=\"wp-image-119156\" srcset=\"https:\/\/www.challenge.ma\/wp-content\/uploads\/2019\/10\/WhatsApp-Image-2019-10-04-at-15.15.09-1024x681.jpeg 1024w, https:\/\/www.challenge.ma\/wp-content\/uploads\/2019\/10\/WhatsApp-Image-2019-10-04-at-15.15.09-300x199.jpeg 300w, https:\/\/www.challenge.ma\/wp-content\/uploads\/2019\/10\/WhatsApp-Image-2019-10-04-at-15.15.09-768x511.jpeg 768w, https:\/\/www.challenge.ma\/wp-content\/uploads\/2019\/10\/WhatsApp-Image-2019-10-04-at-15.15.09-360x239.jpeg 360w, https:\/\/www.challenge.ma\/wp-content\/uploads\/2019\/10\/WhatsApp-Image-2019-10-04-at-15.15.09-750x499.jpeg 750w, https:\/\/www.challenge.ma\/wp-content\/uploads\/2019\/10\/WhatsApp-Image-2019-10-04-at-15.15.09.jpeg 1280w\" sizes=\"(max-width: 1024px) 100vw, 1024px\"\/> Sofia Nouri, Fatima Zahra Azzaoui, Loubna Tricha et Hamza Debbarh.<\/p>\n<p>\u00ab\u00a0Aujourd\u2019hui, les secteurs pointus emploient 70% de techniciens et seulement 30% de managers. Or, \u00e0 peine 25% des jeunes bacheliers optent pour la formation professionnelle, tandis que 75% d\u2019entre eux choisissent l\u2019universit\u00e9. L\u2019objectif de notre feuille de route est de rectifier cette contradiction en faisant de la formation professionnelle une voie d\u2019excellence \u00bb, explique Loubna Tricha en pr\u00e9sentant les objectifs de la nouvelle strat\u00e9gie de l\u2019Office et les principaux chantiers inscrits dans la feuille de route.<\/p>\n<p>Pour sa part, Fatima Zahra Azzaoui\u00a0a mis un accent particulier sur l\u2019importance de l\u2019agilit\u00e9 et de la confiance soulignant que les entreprises devront adopter des syst\u00e8mes de formation agiles pour former des jeunes agiles, capables de s\u2019adapter \u00e0 l\u2019inconnu. \u00ab\u00a0Nous ne pouvons pas promouvoir le <strong>Made in<\/strong> <strong>Morocco<\/strong> sans nos comp\u00e9tences locales. C\u2019est pour cela que nous recrutons les laur\u00e9ats de l\u2019OFPPT. Dans le cadre de notre partenariat, nous avons lanc\u00e9 une \u00e9cole d\u2019outillage automobile en 2017. Ces m\u00e9tiers rares constituent un facteur de comp\u00e9titivit\u00e9 de notre industrie locale\u00bb, a-t-elle conclu.<\/p>\n<div class=\"c17\">\n<fieldset class=\"c16\">\n<legend><strong><span class=\"c11\">Challenge<\/span><span class=\"c12\">news<\/span><\/strong><\/legend>\n<div class=\"c15\">Le meilleur de la r\u00e9daction s\u00e9lectionn\u00e9 par Challenge :<\/p>\n<\/div>\n<\/fieldset>\n<\/div>\n<p>Auteur: Hajar DARI<br \/>\n<a href=\"https:\/\/www.challenge.ma\/les-nouveaux-defis-devoiles-par-la-fondation-attijariwafa-bank-119147\/\">Cliquez ici pour lire l&rsquo;article depuis sa source.<\/a><\/p>\n","protected":false},"excerpt":{"rendered":"<p>Le P\u00f4le Edition &#038; D\u00e9bats de la Fondation Attijariwafa bank a organis\u00e9, jeudi \u00e0 Casablanca, la 52\u00e8me \u00e9dition de son cycle de conf\u00e9rences \u00ab\u00a0Echanger pour mieux comprendre\u00a0\u00bb. [embedded content] Une conf\u00e9rence-d\u00e9bat qui s\u2019est d\u00e9roul\u00e9e sous le th\u00e8me \u00ab\u00a0Emploi des jeunes : la formation professionnelle s\u2019ouvre aux m\u00e9tiers du futur\u00a0\u00bb, en pr\u00e9sence de Mohamed El Kettani, [&hellip;]<\/p>\n","protected":false},"author":1787,"featured_media":63342,"comment_status":"closed","ping_status":"closed","sticky":false,"template":"","format":"standard","meta":{"fifu_image_url":"","fifu_image_alt":"","footnotes":""},"categories":[78,54],"tags":[],"class_list":["post-63341","post","type-post","status-publish","format-standard","has-post-thumbnail","hentry","category-economie","category-maroc"],"_links":{"self":[{"href":"https:\/\/linitiative.ca\/International\/wp-json\/wp\/v2\/posts\/63341","targetHints":{"allow":["GET"]}}],"collection":[{"href":"https:\/\/linitiative.ca\/International\/wp-json\/wp\/v2\/posts"}],"about":[{"href":"https:\/\/linitiative.ca\/International\/wp-json\/wp\/v2\/types\/post"}],"author":[{"embeddable":true,"href":"https:\/\/linitiative.ca\/International\/wp-json\/wp\/v2\/users\/1787"}],"replies":[{"embeddable":true,"href":"https:\/\/linitiative.ca\/International\/wp-json\/wp\/v2\/comments?post=63341"}],"version-history":[{"count":0,"href":"https:\/\/linitiative.ca\/International\/wp-json\/wp\/v2\/posts\/63341\/revisions"}],"wp:featuredmedia":[{"embeddable":true,"href":"https:\/\/linitiative.ca\/International\/wp-json\/"}],"wp:attachment":[{"href":"https:\/\/linitiative.ca\/International\/wp-json\/wp\/v2\/media?parent=63341"}],"wp:term":[{"taxonomy":"category","embeddable":true,"href":"https:\/\/linitiative.ca\/International\/wp-json\/wp\/v2\/categories?post=63341"},{"taxonomy":"post_tag","embeddable":true,"href":"https:\/\/linitiative.ca\/International\/wp-json\/wp\/v2\/tags?post=63341"}],"curies":[{"name":"wp","href":"https:\/\/api.w.org\/{rel}","templated":true}]}}