{"id":63343,"date":"2019-10-04T10:50:41","date_gmt":"2019-10-04T14:50:41","guid":{"rendered":"https:\/\/linitiative.ca\/International\/remaniement-un-nouvel-executif-reduit-a-22-ministres\/"},"modified":"2019-10-04T10:50:41","modified_gmt":"2019-10-04T14:50:41","slug":"remaniement-un-nouvel-executif-reduit-a-22-ministres","status":"publish","type":"post","link":"https:\/\/linitiative.ca\/International\/remaniement-un-nouvel-executif-reduit-a-22-ministres\/","title":{"rendered":"Remaniement : un nouvel Ex\u00e9cutif r\u00e9duit \u00e0 22 ministres"},"content":{"rendered":"<p><strong>Apr\u00e8s de longues consultations avec les partis formant la coalition, le chef du gouvernement Saadeddine El Otmani a pr\u00e9sent\u00e9 sa nouvelle \u00e9quipe r\u00e9duite \u00e0 22 postes minist\u00e9riels, selon des sources bien inform\u00e9es.<\/strong><\/p>\n<div class=\"c10\"\/>\n<p>Le chef de l\u2019Ex\u00e9cutif est parvenu enfin \u00e0 finaliser sa liste qui serait valid\u00e9e par le roi. Une chose est s\u00fbre la nouvelle mouture est amoindrie \u00e0 22 ministres : 7 postes minist\u00e9riels pour le PJD, 3 pour le RNI, 2 pour le MP, 1 pour l\u2019UC, 1 pour l\u2019USFP, et 1 pour le PPS, en attendant l\u2019officialisation, ce vendredi, du d\u00e9part du gouvernement. Les 7 restants sont des minist\u00e8res de souverainet\u00e9.<\/p>\n<p>Parmi les noms retenus dans le nouveau gouvernement, on cite Moulay Hafid Elalamy, Mohamed Aujjar et Mohamed Benchaabouune (RNI). Pour les nouveaux visages, on avance les noms de Said Ahmiddouch, l\u2019actuel wali de Casablanca et ex DG de la CNSS, qui serait nomm\u00e9 nouveau ministre de la Sant\u00e9 \u00e0 la place d\u2019Anas Doukkali et Ahmed Abbadi, qui vient remplacer Ahmed Taoufiq au minist\u00e8re des Habous et des Affaires islamiques. On parle aussi du retour probable de Driss Lachgar.<\/p>\n<div class=\"c17\">\n<fieldset class=\"c16\">\n<legend><strong><span class=\"c11\">Challenge<\/span><span class=\"c12\">news<\/span><\/strong><\/legend>\n<div class=\"c15\">Le meilleur de la r\u00e9daction s\u00e9lectionn\u00e9 par Challenge :<\/p>\n<\/div>\n<\/fieldset>\n<\/div>\n<p>Auteur: Hassan Manyani<br \/>\n<a href=\"https:\/\/www.challenge.ma\/remaniement-un-nouvel-executif-reduit-a-22-ministres-119119\/\">Cliquez ici pour lire l&rsquo;article depuis sa source.<\/a><\/p>\n","protected":false},"excerpt":{"rendered":"<p>Apr\u00e8s de longues consultations avec les partis formant la coalition, le chef du gouvernement Saadeddine El Otmani a pr\u00e9sent\u00e9 sa nouvelle \u00e9quipe r\u00e9duite \u00e0 22 postes minist\u00e9riels, selon des sources bien inform\u00e9es. Le chef de l\u2019Ex\u00e9cutif est parvenu enfin \u00e0 finaliser sa liste qui serait valid\u00e9e par le roi. Une chose est s\u00fbre la nouvelle [&hellip;]<\/p>\n","protected":false},"author":1787,"featured_media":0,"comment_status":"closed","ping_status":"closed","sticky":false,"template":"","format":"standard","meta":{"fifu_image_url":"","fifu_image_alt":"","footnotes":""},"categories":[78,54],"tags":[],"class_list":["post-63343","post","type-post","status-publish","format-standard","hentry","category-economie","category-maroc"],"_links":{"self":[{"href":"https:\/\/linitiative.ca\/International\/wp-json\/wp\/v2\/posts\/63343","targetHints":{"allow":["GET"]}}],"collection":[{"href":"https:\/\/linitiative.ca\/International\/wp-json\/wp\/v2\/posts"}],"about":[{"href":"https:\/\/linitiative.ca\/International\/wp-json\/wp\/v2\/types\/post"}],"author":[{"embeddable":true,"href":"https:\/\/linitiative.ca\/International\/wp-json\/wp\/v2\/users\/1787"}],"replies":[{"embeddable":true,"href":"https:\/\/linitiative.ca\/International\/wp-json\/wp\/v2\/comments?post=63343"}],"version-history":[{"count":0,"href":"https:\/\/linitiative.ca\/International\/wp-json\/wp\/v2\/posts\/63343\/revisions"}],"wp:attachment":[{"href":"https:\/\/linitiative.ca\/International\/wp-json\/wp\/v2\/media?parent=63343"}],"wp:term":[{"taxonomy":"category","embeddable":true,"href":"https:\/\/linitiative.ca\/International\/wp-json\/wp\/v2\/categories?post=63343"},{"taxonomy":"post_tag","embeddable":true,"href":"https:\/\/linitiative.ca\/International\/wp-json\/wp\/v2\/tags?post=63343"}],"curies":[{"name":"wp","href":"https:\/\/api.w.org\/{rel}","templated":true}]}}