{"id":63344,"date":"2019-10-04T11:58:21","date_gmt":"2019-10-04T15:58:21","guid":{"rendered":"https:\/\/linitiative.ca\/International\/transport-public-alsa-maroc-en-pole-position-a-casablanca\/"},"modified":"2019-10-04T11:58:21","modified_gmt":"2019-10-04T15:58:21","slug":"transport-public-alsa-maroc-en-pole-position-a-casablanca","status":"publish","type":"post","link":"https:\/\/linitiative.ca\/International\/transport-public-alsa-maroc-en-pole-position-a-casablanca\/","title":{"rendered":"Transport public : Alsa Maroc en pole position \u00e0 Casablanca !"},"content":{"rendered":"<p><strong>Plus que quelques jours \u00e0 attendre pour conna\u00eetre officiellement le nom du nouveau d\u00e9l\u00e9gataire de la gestion du transport public par autobus \u00e0 Casablanca, en remplacement de M\u2019dina Bus.<\/strong><\/p>\n<div class=\"c10\"\/>\n<p>Alsa Maroc est en passe de d\u00e9crocher le gros lot. \u00abNous avons \u00e9t\u00e9 retenus comme op\u00e9rateur pr\u00e9f\u00e9rentiel pour la n\u00e9gociation du contrat\u00bb, nous a pr\u00e9cis\u00e9 Alberto Perez. Et le directeur g\u00e9n\u00e9ral d\u2019Alsa Maroc de poursuivre : \u00abTr\u00e8s concr\u00e8tement, nous sommes le premier class\u00e9 dans la mesure o\u00f9 l\u2019autre candidat a \u00e9t\u00e9 disqualifi\u00e9, ne r\u00e9pondant pas aux conditions de l\u2019appel d\u2019offres\u00bb. De quoi positionner favorablement Alsa Maroc en tant que futur adjudicataire, une d\u00e9cision qui sera rendue le 15 octobre courant \u00e0 l\u2019occasion d\u2019un vote par le Conseil d\u2019administration de l\u2019\u00c9tablissement de coop\u00e9ration intercommunale (ECI) \u00abAl Baida\u00bb.<\/p>\n<p>Lire aussi : <a href=\"https:\/\/www.challenge.ma\/alberto-perez-nous-bataillons-pour-faire-avancer-le-transport-urbain-118182\/\">Alberto P\u00e9rez : \u00ab Nous bataillons pour faire avancer le transport urbain !\u00bb<\/a><\/p>\n<p>Rappelons que l\u2019appel d\u2019offres pr\u00e9voit une flotte totale de 700 bus, dont 350 achet\u00e9s par l\u2019ECI et les 350 autres par le nouveau d\u00e9l\u00e9gataire du transport public de la ville. \u00abDans la mesure o\u00f9 ce contrat est acquis, nous pr\u00e9voyons de mettre en service une flotte de bus neufs, aux normes euro 6, disposant de plancher plat et de la climatisation pour un meilleur confort des passagers, le tout assorti de cam\u00e9ras de s\u00e9curit\u00e9 \u00e0 l\u2019int\u00e9rieur de nos v\u00e9hicules\u00bb, a conclu Perez.\u00a0<\/p>\n<div class=\"c17\">\n<fieldset class=\"c16\">\n<legend><strong><span class=\"c11\">Challenge<\/span><span class=\"c12\">news<\/span><\/strong><\/legend>\n<div class=\"c15\">Le meilleur de la r\u00e9daction s\u00e9lectionn\u00e9 par Challenge :<\/p>\n<\/div>\n<\/fieldset>\n<\/div>\n<p>Auteur: David J\u00e9r\u00e9mie<br \/>\n<a href=\"https:\/\/www.challenge.ma\/transport-public-alsa-maroc-en-pole-position-a-casablanca-119174\/\">Cliquez ici pour lire l&rsquo;article depuis sa source.<\/a><\/p>\n","protected":false},"excerpt":{"rendered":"<p>Plus que quelques jours \u00e0 attendre pour conna\u00eetre officiellement le nom du nouveau d\u00e9l\u00e9gataire de la gestion du transport public par autobus \u00e0 Casablanca, en remplacement de M\u2019dina Bus. Alsa Maroc est en passe de d\u00e9crocher le gros lot. \u00abNous avons \u00e9t\u00e9 retenus comme op\u00e9rateur pr\u00e9f\u00e9rentiel pour la n\u00e9gociation du contrat\u00bb, nous a pr\u00e9cis\u00e9 Alberto [&hellip;]<\/p>\n","protected":false},"author":1787,"featured_media":0,"comment_status":"closed","ping_status":"closed","sticky":false,"template":"","format":"standard","meta":{"fifu_image_url":"","fifu_image_alt":"","footnotes":""},"categories":[78,54],"tags":[],"class_list":["post-63344","post","type-post","status-publish","format-standard","hentry","category-economie","category-maroc"],"_links":{"self":[{"href":"https:\/\/linitiative.ca\/International\/wp-json\/wp\/v2\/posts\/63344","targetHints":{"allow":["GET"]}}],"collection":[{"href":"https:\/\/linitiative.ca\/International\/wp-json\/wp\/v2\/posts"}],"about":[{"href":"https:\/\/linitiative.ca\/International\/wp-json\/wp\/v2\/types\/post"}],"author":[{"embeddable":true,"href":"https:\/\/linitiative.ca\/International\/wp-json\/wp\/v2\/users\/1787"}],"replies":[{"embeddable":true,"href":"https:\/\/linitiative.ca\/International\/wp-json\/wp\/v2\/comments?post=63344"}],"version-history":[{"count":0,"href":"https:\/\/linitiative.ca\/International\/wp-json\/wp\/v2\/posts\/63344\/revisions"}],"wp:attachment":[{"href":"https:\/\/linitiative.ca\/International\/wp-json\/wp\/v2\/media?parent=63344"}],"wp:term":[{"taxonomy":"category","embeddable":true,"href":"https:\/\/linitiative.ca\/International\/wp-json\/wp\/v2\/categories?post=63344"},{"taxonomy":"post_tag","embeddable":true,"href":"https:\/\/linitiative.ca\/International\/wp-json\/wp\/v2\/tags?post=63344"}],"curies":[{"name":"wp","href":"https:\/\/api.w.org\/{rel}","templated":true}]}}