{"id":63345,"date":"2019-10-04T14:22:29","date_gmt":"2019-10-04T18:22:29","guid":{"rendered":"https:\/\/linitiative.ca\/International\/al-omrane-fait-le-pari-de-la-durabilite-dans-le-logement-social\/"},"modified":"2019-10-04T14:22:29","modified_gmt":"2019-10-04T18:22:29","slug":"al-omrane-fait-le-pari-de-la-durabilite-dans-le-logement-social","status":"publish","type":"post","link":"https:\/\/linitiative.ca\/International\/al-omrane-fait-le-pari-de-la-durabilite-dans-le-logement-social\/","title":{"rendered":"Al Omrane fait le pari de la durabilit\u00e9 dans le logement social"},"content":{"rendered":"<p><strong>C\u2019est parti pour la 3<\/strong><sup><strong>\u00e8me<\/strong><\/sup><strong>\u00e9dition du Salon Al Omrane Expo. Organis\u00e9 \u00e0 Casablanca du 3 au 6 octobre, cet \u00e9v\u00e9nement permet au groupe Al Omrane, bras arm\u00e9 de l\u2019Etat dans la lutte contre les bidonvilles et dans l\u2019am\u00e9nagement urbain, de r\u00e9unir les op\u00e9rateurs pour d\u00e9battre des d\u00e9fis et perspectives du secteur.<\/strong><\/p>\n<div class=\"c10\"\/>\n<p>Il s\u2019agit d\u2019une rencontre annuelle d\u2019envergure, organis\u00e9e par la holding \u00e9tatique <strong>Al Omrane<\/strong>, sous l\u2019\u00e9gide du minist\u00e8re de l\u2019Am\u00e9nagement du territoire national, de l\u2019urbanisme, de l\u2019habitat et de la politique de la ville. Al Omrane Expo 2019, qui a ouvert ses portes le vendredi 3 et se poursuivra jusqu\u2019au dimanche 6 octobre, a r\u00e9un pour sa premi\u00e8re journ\u00e9e une panoplie d\u2019op\u00e9rateurs du secteur de la construction et de l\u2019am\u00e9nagement. Cette ann\u00e9e, l\u2019accent est surtout mis sur la durabilit\u00e9 et l\u2019efficacit\u00e9 \u00e9nerg\u00e9tique dans le logement social. Notons que ce salon permet au groupe d\u2019exposer son savoir-faire dans le domaine de la construction et de l\u2019am\u00e9nagement urbain.<\/p>\n<p>\u00ab\u00a0Cet \u00e9v\u00e9nement qui offre une occasion pour pr\u00e9senter les programmes mis en \u0153uvre par le groupe Al Omrane et mettre en valeur les r\u00e9alisations et les efforts d\u00e9ploy\u00e9s par ce dernier, constitue aussi une plateforme d\u2019\u00e9change pour d\u00e9battre des questions relatives au secteur et pour renforcer les <strong>liens de proximit\u00e9<\/strong> avec les professionnels du secteur et les citoyens de la r\u00e9gion, a soulign\u00e9 le ministre de l\u2019Am\u00e9nagement du territoire, Adelouahed Fassi Fihri lors de la c\u00e9r\u00e9monie d\u2019inauguration du salon.<\/p>\n<p>Lire aussi : <a href=\"https:\/\/www.challenge.ma\/salon-al-omrane-expo-mdm-2019-un-dispositif-de-proximite-pour-les-mre-111199\/\">Salon \u00ab\u00a0Al Omrane Expo MDM\u00a0\u00bb 2019 : un dispositif de proximit\u00e9 pour les MRE<\/a><\/p>\n<p>Il a notamment fait remarquer que les r\u00e9formes mises en \u0153uvre par Al Omrane ont permis une production utile qui doit \u00eatre adapt\u00e9e aux attentes et aux capacit\u00e9s financi\u00e8res des diff\u00e9rentes couches sociales. Le ministre a aussi mis l\u2019accent sur la durabilit\u00e9 et l\u2019efficacit\u00e9 \u00e9nerg\u00e9tique dans le logement. \u00ab\u00a0Ce n\u2019est pas parce que c\u2019est social, qu\u2019il doit en \u00eatre exon\u00e9r\u00e9\u00a0\u00bb, a-t-il d\u00e9clar\u00e9. Pour sa part, le pr\u00e9sident du directoire d\u2019Al Omrane, Badr Kanouni, a rappel\u00e9 les efforts consentis par son \u00e9tablissement ces derni\u00e8res ann\u00e9es en vue de se mettre en conformit\u00e9 avec les ambitions du Maroc dans le domaine du <strong>d\u00e9veloppement durable<\/strong>.<\/p>\n<p>Il a pr\u00e9cis\u00e9 qu\u2019il est n\u00e9cessaire pour le groupe de figurer parmi les acteurs publics qui donnent l\u2019exemple en la mati\u00e8re. Notons que la premi\u00e8re journ\u00e9e du salon a \u00e9t\u00e9 marqu\u00e9e par la pr\u00e9sence de plusieurs \u00e9lus locaux et personnalit\u00e9s publiques de la r\u00e9gion Casablanca-Settat. Pour rappel, \u00e0 travers Al Omrane Expo, le groupe cherche \u00e0 consolider son positionnement en tant qu\u2019op\u00e9rateur de proximit\u00e9 \u00e0 l\u2019\u00e9coute des diff\u00e9rentes couches sociales.<\/p>\n<div class=\"c17\">\n<fieldset class=\"c16\">\n<legend><strong><span class=\"c11\">Challenge<\/span><span class=\"c12\">news<\/span><\/strong><\/legend>\n<div class=\"c15\">Le meilleur de la r\u00e9daction s\u00e9lectionn\u00e9 par Challenge :<\/p>\n<\/div>\n<\/fieldset>\n<\/div>\n<p>Auteur: Roland Amoussou<br \/>\n<a href=\"https:\/\/www.challenge.ma\/al-omrane-fait-le-pari-de-la-durabilite-dans-le-logement-social-119188\/\">Cliquez ici pour lire l&rsquo;article depuis sa source.<\/a><\/p>\n","protected":false},"excerpt":{"rendered":"<p>C\u2019est parti pour la 3\u00e8me\u00e9dition du Salon Al Omrane Expo. Organis\u00e9 \u00e0 Casablanca du 3 au 6 octobre, cet \u00e9v\u00e9nement permet au groupe Al Omrane, bras arm\u00e9 de l\u2019Etat dans la lutte contre les bidonvilles et dans l\u2019am\u00e9nagement urbain, de r\u00e9unir les op\u00e9rateurs pour d\u00e9battre des d\u00e9fis et perspectives du secteur. Il s\u2019agit d\u2019une rencontre [&hellip;]<\/p>\n","protected":false},"author":1787,"featured_media":0,"comment_status":"closed","ping_status":"closed","sticky":false,"template":"","format":"standard","meta":{"fifu_image_url":"","fifu_image_alt":"","footnotes":""},"categories":[78,54],"tags":[],"class_list":["post-63345","post","type-post","status-publish","format-standard","hentry","category-economie","category-maroc"],"_links":{"self":[{"href":"https:\/\/linitiative.ca\/International\/wp-json\/wp\/v2\/posts\/63345","targetHints":{"allow":["GET"]}}],"collection":[{"href":"https:\/\/linitiative.ca\/International\/wp-json\/wp\/v2\/posts"}],"about":[{"href":"https:\/\/linitiative.ca\/International\/wp-json\/wp\/v2\/types\/post"}],"author":[{"embeddable":true,"href":"https:\/\/linitiative.ca\/International\/wp-json\/wp\/v2\/users\/1787"}],"replies":[{"embeddable":true,"href":"https:\/\/linitiative.ca\/International\/wp-json\/wp\/v2\/comments?post=63345"}],"version-history":[{"count":0,"href":"https:\/\/linitiative.ca\/International\/wp-json\/wp\/v2\/posts\/63345\/revisions"}],"wp:attachment":[{"href":"https:\/\/linitiative.ca\/International\/wp-json\/wp\/v2\/media?parent=63345"}],"wp:term":[{"taxonomy":"category","embeddable":true,"href":"https:\/\/linitiative.ca\/International\/wp-json\/wp\/v2\/categories?post=63345"},{"taxonomy":"post_tag","embeddable":true,"href":"https:\/\/linitiative.ca\/International\/wp-json\/wp\/v2\/tags?post=63345"}],"curies":[{"name":"wp","href":"https:\/\/api.w.org\/{rel}","templated":true}]}}