{"id":63352,"date":"2019-10-03T18:58:11","date_gmt":"2019-10-03T22:58:11","guid":{"rendered":"https:\/\/linitiative.ca\/International\/route-sapaga-pouytenga-kalwatenga-du-bitume-dans-12-mois\/"},"modified":"2019-10-03T18:58:11","modified_gmt":"2019-10-03T22:58:11","slug":"route-sapaga-pouytenga-kalwatenga-du-bitume-dans-12-mois","status":"publish","type":"post","link":"https:\/\/linitiative.ca\/International\/route-sapaga-pouytenga-kalwatenga-du-bitume-dans-12-mois\/","title":{"rendered":"Route Sapaga-Pouytenga-Kalwatenga  : du bitume dans 12 mois"},"content":{"rendered":"<div>\n<p><strong>Le Pr\u00e9sident du Faso, Roch Marc Christian Kabor\u00e9, a lanc\u00e9 le jeudi 3 octobre 2019 \u00e0 Pouytrenga, les travaux de r\u00e9habilitation et de bitumage de la route Sapaga-Pouytenga-Kalwatenga longue de 20 Kilom\u00e8tres et la bretelle d\u2019acc\u00e8s au march\u00e9 de ladite commune du Centre-Est mesurant 2 kilom\u00e8tres.<\/strong><\/p>\n<p>Les habitants de Sapaga, Pouytenga, Kalwatenga et communes environnantes se sont mobilis\u00e9s massivement, hier jeudi 3 octobre 2019 \u00e0 Pouytenga. Et pour cause, le pr\u00e9sident du Faso, Roch Marc Christian Kabor\u00e9, y a donn\u00e9 le top de d\u00e9part des travaux de r\u00e9habilitation et de bitumage de la route Sapaga-Pouytenga-Kalwatenga (20 km) et de la bretelle d\u2019acc\u00e8s au march\u00e9 de ladite commune du Centre-Est (2km). Longue de 22 km, ces travaux qui constituent la premi\u00e8re phase de la r\u00e9alisation de la route Sapaga-Boulsa entrent dans le cadre du Programme d\u2019urgence de r\u00e9habilitation et de bitumage de tron\u00e7ons de routes et d\u2019ouvrages de franchissement. Selon le ministre des Infrastructures, Eric Bougouma, il s\u2019agira pour la Soci\u00e9t\u00e9 Nar\u00e9 et fr\u00e8res (SONAF) attributaire du march\u00e9 de construire une chauss\u00e9e large de 7m avec deux voies de 3,5 m chacune et des accotements en enduit monocouche de part et d\u2019autre. De plus, a-t-il indiqu\u00e9, des dalots et des caniveaux seront r\u00e9alis\u00e9es le long de la route.<br \/>\nLa signalisation verticale et horizontale y sera \u00e9galement mat\u00e9rialis\u00e9e afin d\u2019assurer la s\u00e9curit\u00e9.<\/p>\n<p><strong>Plus de d\u00e9viation\u2026<\/strong><\/p>\n<p>\u00ab Nous avons aussi pr\u00e9vu des mesures compensatrices environnementales et sociales \u00e0 travers la plantation d\u2019arbres, la remise en \u00e9tat des zones d\u2019emprunt, la sensibilisation aux IST\u00a0\u00bb, a indiqu\u00e9 le ministre.<br \/>\nToutes ces r\u00e9alisations sont pr\u00e9vues pour un d\u00e9lai d\u2019ex\u00e9cution de 12 mois pour un co\u00fbt de 6 740\u00a0152 354 F CFA TTC enti\u00e8rement financ\u00e9s par le Fonds sp\u00e9cial routier du Burkina. Apr\u00e8s cette phase, Eric Bougouma a rassur\u00e9 que le tron\u00e7on Kalwatenga-Boulsa sera construit d\u00e8s que les travaux du barrage de Sanghin le permettront, car a-t-il soutenu, l\u2019importance de la route Sapaga- Boulsa dans le d\u00e9veloppement du secteur agro-sylvo-pastorale est ind\u00e9niable. Aussi, il a inform\u00e9 que sur instruction du Pr\u00e9sident du Faso, la d\u00e9viation envisag\u00e9e \u00e0 cause du barrage mais d\u00e9cri\u00e9e par certains n\u2019est plus d\u2019actualit\u00e9. \u00ab\u00a0Nos amis chinois ont promis de nous aider en construisant un pont sur le barrage\u00a0\u00bb, a-t-il fait savoir. En attendant cela, le maire de Pouytenga, Larba Prosper Yam\u00e9ogo s\u2019est r\u00e9joui du lancement des travaux apr\u00e8s de \u00ab\u00a0nombreuses promesses politiques non tenues\u00a0\u00bb. A l\u2019\u00e9couter, la route en construction boostera l\u2019\u00e9conomie de sa commune qui est une v\u00e9ritable plateforme du commerce international.<\/p>\n<p style=\"text-align: right\"><strong>Eliane SOME<\/strong><br \/><strong>elianesome4@gmail.com<\/strong><\/p>\n<p>L\u2019article <a rel=\"nofollow\" href=\"https:\/\/www.sidwaya.info\/blog\/2019\/10\/03\/route-sapaga-pouytenga-kalwatenga-du-bitume-dans-12-mois\/\">Route Sapaga-Pouytenga-Kalwatenga  : du bitume dans 12 mois<\/a> est apparu en premier sur <a rel=\"nofollow\" href=\"https:\/\/www.sidwaya.info\/\">Quotidien Sidwaya<\/a>.<\/p>\n<\/div>\n<p>Auteur: DD. Sidwaya<br \/>\n<a href=\"https:\/\/www.sidwaya.info\/blog\/2019\/10\/03\/route-sapaga-pouytenga-kalwatenga-du-bitume-dans-12-mois\/\">Cliquez ici pour lire l&rsquo;article depuis sa source.<\/a><\/p>\n","protected":false},"excerpt":{"rendered":"<p>Le Pr\u00e9sident du Faso, Roch Marc Christian Kabor\u00e9, a lanc\u00e9 le jeudi 3 octobre 2019 \u00e0 Pouytrenga, les travaux de r\u00e9habilitation et de bitumage de la route Sapaga-Pouytenga-Kalwatenga longue de 20 Kilom\u00e8tres et la bretelle d\u2019acc\u00e8s au march\u00e9 de ladite commune du Centre-Est mesurant 2 kilom\u00e8tres. Les habitants de Sapaga, Pouytenga, Kalwatenga et communes environnantes [&hellip;]<\/p>\n","protected":false},"author":1816,"featured_media":0,"comment_status":"closed","ping_status":"closed","sticky":false,"template":"","format":"standard","meta":{"fifu_image_url":"","fifu_image_alt":"","footnotes":""},"categories":[73,81],"tags":[],"class_list":["post-63352","post","type-post","status-publish","format-standard","hentry","category-actualite","category-burkina-faso"],"_links":{"self":[{"href":"https:\/\/linitiative.ca\/International\/wp-json\/wp\/v2\/posts\/63352","targetHints":{"allow":["GET"]}}],"collection":[{"href":"https:\/\/linitiative.ca\/International\/wp-json\/wp\/v2\/posts"}],"about":[{"href":"https:\/\/linitiative.ca\/International\/wp-json\/wp\/v2\/types\/post"}],"author":[{"embeddable":true,"href":"https:\/\/linitiative.ca\/International\/wp-json\/wp\/v2\/users\/1816"}],"replies":[{"embeddable":true,"href":"https:\/\/linitiative.ca\/International\/wp-json\/wp\/v2\/comments?post=63352"}],"version-history":[{"count":0,"href":"https:\/\/linitiative.ca\/International\/wp-json\/wp\/v2\/posts\/63352\/revisions"}],"wp:attachment":[{"href":"https:\/\/linitiative.ca\/International\/wp-json\/wp\/v2\/media?parent=63352"}],"wp:term":[{"taxonomy":"category","embeddable":true,"href":"https:\/\/linitiative.ca\/International\/wp-json\/wp\/v2\/categories?post=63352"},{"taxonomy":"post_tag","embeddable":true,"href":"https:\/\/linitiative.ca\/International\/wp-json\/wp\/v2\/tags?post=63352"}],"curies":[{"name":"wp","href":"https:\/\/api.w.org\/{rel}","templated":true}]}}