{"id":63355,"date":"2019-10-04T07:33:22","date_gmt":"2019-10-04T11:33:22","guid":{"rendered":"https:\/\/linitiative.ca\/International\/financement-des-pme-la-banque-europeenne-dinvestissement-aux-cotes-du-burkina\/"},"modified":"2019-10-04T07:33:22","modified_gmt":"2019-10-04T11:33:22","slug":"financement-des-pme-la-banque-europeenne-dinvestissement-aux-cotes-du-burkina","status":"publish","type":"post","link":"https:\/\/linitiative.ca\/International\/financement-des-pme-la-banque-europeenne-dinvestissement-aux-cotes-du-burkina\/","title":{"rendered":"Financement des PME:  La Banque europ\u00e9enne d\u2019investissement aux c\u00f4t\u00e9s du Burkina"},"content":{"rendered":"<div class=\"td-post-featured-image\"><a href=\"https:\/\/i1.wp.com\/www.sidwaya.info\/wp-content\/uploads\/2019\/10\/pmbelge.jpg?fit=808%2C616&#038;ssl=1\" data-caption=\"\"><img loading=\"lazy\" decoding=\"async\" width=\"696\" height=\"531\" class=\"entry-thumb td-modal-image\" src=\"https:\/\/i1.wp.com\/www.sidwaya.info\/wp-content\/uploads\/2019\/10\/pmbelge.jpg?resize=696%2C531&#038;ssl=1\" srcset=\"https:\/\/i1.wp.com\/www.sidwaya.info\/wp-content\/uploads\/2019\/10\/pmbelge.jpg?w=808&#038;ssl=1 808w, https:\/\/i1.wp.com\/www.sidwaya.info\/wp-content\/uploads\/2019\/10\/pmbelge.jpg?resize=300%2C229&#038;ssl=1 300w, https:\/\/i1.wp.com\/www.sidwaya.info\/wp-content\/uploads\/2019\/10\/pmbelge.jpg?resize=768%2C586&#038;ssl=1 768w, https:\/\/i1.wp.com\/www.sidwaya.info\/wp-content\/uploads\/2019\/10\/pmbelge.jpg?resize=80%2C60&#038;ssl=1 80w, https:\/\/i1.wp.com\/www.sidwaya.info\/wp-content\/uploads\/2019\/10\/pmbelge.jpg?resize=696%2C531&#038;ssl=1 696w, https:\/\/i1.wp.com\/www.sidwaya.info\/wp-content\/uploads\/2019\/10\/pmbelge.jpg?resize=551%2C420&#038;ssl=1 551w\" sizes=\"auto, (max-width: 696px) 100vw, 696px\" alt=\"\" title=\"pmbelge\"\/><\/a><\/div>\n<p><strong>Le Premier ministre Christophe Dabir\u00e9 a \u00e9chang\u00e9, ce jeudi 03 octobre 2019, \u00e0 Bruxelles en Belgique, avec les consuls honoraires de la juridiction de Bruxelles et le Directeur g\u00e9n\u00e9ral de la Banque europ\u00e9enne d\u2019investissement (BEI), Luca Lazzaroli.<\/strong><\/p>\n<p>La coop\u00e9ration entre le Burkina Faso et la Banque europ\u00e9enne d\u2019investissement (BEI) est au beau fixe. En s\u00e9jour en Belgique, le chef du gouvernement, Christophe Dabir\u00e9 s\u2019est rendu au si\u00e8ge de l\u2019institution pour, a-t-il d\u00e9clar\u00e9, r\u00e9chauffer les liens de partenariat. L\u2019entrevue entre la d\u00e9l\u00e9gation burkinab\u00e8 et le directeur g\u00e9n\u00e9ral de la BEI, Luca Lazzaroli et ses collaborateurs a dur\u00e9 une quarantaine de minutes, mais elle augure de bonnes perspectives. La BEI intervient au pays des hommes int\u00e8gres depuis 1970. Elle a \u00e0 son actif plusieurs investissements dont la construction du barrage de Ziga, la r\u00e9alisation de l\u2019adduction d\u2019eau potable \u00e0 Ouagadougou et de la centrale solaire de Zagtouli. \u00ab\u00a0<em>L\u2019\u00e9nergie et l\u2019acc\u00e8s \u00e0 l\u2019eau potable pour les populations sont des domaines extr\u00eamement importants pour le d\u00e9veloppement de notre pays\u00a0<\/em>\u00bb, a reconnu le Premier ministre burkinab\u00e8. Aujourd\u2019hui, il s\u2019est agi de scruter de nouveaux horizons. \u00ab\u00a0<em>Nous avons profit\u00e9 poser un certain nombre de pr\u00e9occupations li\u00e9es \u00e0 la n\u00e9cessit\u00e9 pour la Banque d\u2019intervenir de fa\u00e7on un peu plus forte dans la promotion des Petites et moyennes entreprises (PME)<\/em>\u00a0\u00bb, a affirm\u00e9 Christophe Dabir\u00e9. Pour lui, la restructuration de l\u2019\u00e9conomie constitue l\u2019un des fondements pour r\u00e9aliser le d\u00e9veloppement durable. Le chef du gouvernement est convaincu que le financement des PME est un gage de croissance et de cr\u00e9ation d\u2019emplois. C\u2019est pourquoi, a-t-il poursuivi, il a demand\u00e9 \u00e0 ce que la BEI appuie les PME, \u00ab\u00a0<em>pour que demain, nous ayons de grands champions qui \u00e9mergent au Burkina et qui puissent prendre en charge le d\u00e9veloppement \u00e9conomique<\/em>\u00a0\u00bb.<\/p>\n<p><strong><img loading=\"lazy\" decoding=\"async\" class=\"alignleft size-full wp-image-14796\" src=\"https:\/\/i0.wp.com\/www.sidwaya.info\/wp-content\/uploads\/2019\/10\/PM.jpg?resize=696%2C464&#038;ssl=1\" alt=\"\" width=\"696\" height=\"464\" srcset=\"https:\/\/i0.wp.com\/www.sidwaya.info\/wp-content\/uploads\/2019\/10\/PM.jpg?w=900&#038;ssl=1 900w, https:\/\/i0.wp.com\/www.sidwaya.info\/wp-content\/uploads\/2019\/10\/PM.jpg?resize=300%2C200&#038;ssl=1 300w, https:\/\/i0.wp.com\/www.sidwaya.info\/wp-content\/uploads\/2019\/10\/PM.jpg?resize=768%2C512&#038;ssl=1 768w, https:\/\/i0.wp.com\/www.sidwaya.info\/wp-content\/uploads\/2019\/10\/PM.jpg?resize=696%2C464&#038;ssl=1 696w, https:\/\/i0.wp.com\/www.sidwaya.info\/wp-content\/uploads\/2019\/10\/PM.jpg?resize=630%2C420&#038;ssl=1 630w\" sizes=\"auto, (max-width: 696px) 100vw, 696px\" data-recalc-dims=\"1\"\/>Le Ministre de la coop\u00e9ration du Grand-Duch\u00e9 attendu \u00e0 Ouagadougou<\/strong><\/p>\n<p>Le DG de la BEI, Luca Lazzaroli s\u2019est r\u00e9joui de l\u2019excellence des relations entre les deux parties. A travers des financements directs avec des partenaires nationaux (\u00e0 hauteur de 230 millions d\u2019euros) et plusieurs autres lignes de cr\u00e9dits via des interm\u00e9diaires financiers (environs 35 millions d\u2019euros), la Banque europ\u00e9enne d\u2019investissement a octroy\u00e9, en une quarantaine d\u2019ann\u00e9es, plus de 280 millions d\u2019euros au Burkina. \u00ab\u00a0<em>Nous souhaitons rajouter de nouvelles op\u00e9rations\u2026 Il y\u2019a beaucoup de pistes que nous allons identifier, sur lesquelles nous allons travailler ensemble pour renforcer notre amiti\u00e9, avec un pays qui nous est cher<\/em>\u00a0\u00bb, a affirm\u00e9 le DG de la BEI. Parmi ces projets, figurent l\u2019assainissement, les \u00e9nergies renouvelables, la digitalisation\u2026 Il a dit comprendre la n\u00e9cessit\u00e9 d\u2019accompagner le secteur priv\u00e9 pour qu\u2019il puisse aider le pays en termes d\u2019investissements et \u00eatre le moteur du d\u00e9veloppement. \u00ab\u00a0<em>Nous allons voir comment appuyer le processus de digitalisation du pays, au niveau de la sant\u00e9 et le secteur priv\u00e9<\/em>\u00a0\u00bb, a pr\u00e9cis\u00e9 M. Lazzaroli. Il a exprim\u00e9 la volont\u00e9 et l\u2019engagement de la banque \u00e0 toujours appuyer le Burkina dans ces efforts de d\u00e9veloppement.<\/p>\n<p>Avant la BEI, le Premier ministre a \u00e9chang\u00e9 avec les consuls honoraires de la juridiction de Bruxelles, au cours d\u2019une audience \u00e0 eux accord\u00e9e dans l\u2019apr\u00e8s-midi. Il s\u2019agit de Daniel-Christine Giglio consul honoraire du Burkina Faso au Grand-Duch\u00e9 de Luxembourg et de Koen Kinsbergen, consul honoraire du Burkina Faso \u00e0 Anvers. Les deux personnalit\u00e9s ont pour mission de d\u00e9fendre les int\u00e9r\u00eats aussi bien du Burkina Faso que des Burkinab\u00e8 vivant dans ces deux juridictions.\u00a0\u00ab\u00a0<em>Nous sommes ravis d\u2019avoir \u00e9t\u00e9 re\u00e7us avec tellement d\u2019\u00e9gards. L\u2019Etat burkinab\u00e9 se soucie de ce qui se passe aupr\u00e8s des communaut\u00e9s burkinab\u00e9 dans les pays de l\u2019Europe. Pour nous, c\u2019est une consid\u00e9ration importante<\/em>\u00a0\u00bb, a laiss\u00e9 entendre Mme Giglio. Par ailleurs, elle a annonc\u00e9 la visite au Burkina en fin octobre, du Ministre de la coop\u00e9ration du Grand-Duch\u00e9 de Luxembourg. A l\u2019occasion, les deux parties passeront en revue plusieurs axes de la coop\u00e9ration.<\/p>\n<h3>Djakaridia SIRIBIE<\/h3>\n<div class=\"td-a-rec td-a-rec-id-content_bottom td_uid_30_5d97b67b07c37_rand td_block_template_1\"><img loading=\"lazy\" decoding=\"async\" class=\"aligncenter size-full wp-image-9623\" src=\"https:\/\/www.sidwaya.info\/wp-content\/uploads\/2019\/06\/Projet-bannie%CC%80re-Orange-mobile.jpg\" alt=\"\" width=\"728\" height=\"81\"\/><\/div>\n<p>Auteur: BS. Sidwaya<br \/>\n<a href=\"https:\/\/www.sidwaya.info\/blog\/2019\/10\/04\/financement-des-pme-la-banque-europeenne-dinvestissement-aux-cotes-du-burkina\/\">Cliquez ici pour lire l&rsquo;article depuis sa source.<\/a><\/p>\n","protected":false},"excerpt":{"rendered":"<p>Le Premier ministre Christophe Dabir\u00e9 a \u00e9chang\u00e9, ce jeudi 03 octobre 2019, \u00e0 Bruxelles en Belgique, avec les consuls honoraires de la juridiction de Bruxelles et le Directeur g\u00e9n\u00e9ral de la Banque europ\u00e9enne d\u2019investissement (BEI), Luca Lazzaroli. La coop\u00e9ration entre le Burkina Faso et la Banque europ\u00e9enne d\u2019investissement (BEI) est au beau fixe. En s\u00e9jour [&hellip;]<\/p>\n","protected":false},"author":1816,"featured_media":0,"comment_status":"closed","ping_status":"closed","sticky":false,"template":"","format":"standard","meta":{"fifu_image_url":"","fifu_image_alt":"","footnotes":""},"categories":[73,81],"tags":[],"class_list":["post-63355","post","type-post","status-publish","format-standard","hentry","category-actualite","category-burkina-faso"],"_links":{"self":[{"href":"https:\/\/linitiative.ca\/International\/wp-json\/wp\/v2\/posts\/63355","targetHints":{"allow":["GET"]}}],"collection":[{"href":"https:\/\/linitiative.ca\/International\/wp-json\/wp\/v2\/posts"}],"about":[{"href":"https:\/\/linitiative.ca\/International\/wp-json\/wp\/v2\/types\/post"}],"author":[{"embeddable":true,"href":"https:\/\/linitiative.ca\/International\/wp-json\/wp\/v2\/users\/1816"}],"replies":[{"embeddable":true,"href":"https:\/\/linitiative.ca\/International\/wp-json\/wp\/v2\/comments?post=63355"}],"version-history":[{"count":0,"href":"https:\/\/linitiative.ca\/International\/wp-json\/wp\/v2\/posts\/63355\/revisions"}],"wp:attachment":[{"href":"https:\/\/linitiative.ca\/International\/wp-json\/wp\/v2\/media?parent=63355"}],"wp:term":[{"taxonomy":"category","embeddable":true,"href":"https:\/\/linitiative.ca\/International\/wp-json\/wp\/v2\/categories?post=63355"},{"taxonomy":"post_tag","embeddable":true,"href":"https:\/\/linitiative.ca\/International\/wp-json\/wp\/v2\/tags?post=63355"}],"curies":[{"name":"wp","href":"https:\/\/api.w.org\/{rel}","templated":true}]}}