{"id":63356,"date":"2019-10-04T10:17:27","date_gmt":"2019-10-04T14:17:27","guid":{"rendered":"https:\/\/linitiative.ca\/International\/lutte-contre-le-terrorisme-christophe-dabire-sollicite-laide-de-bruxelles\/"},"modified":"2019-10-04T10:17:27","modified_gmt":"2019-10-04T14:17:27","slug":"lutte-contre-le-terrorisme-christophe-dabire-sollicite-laide-de-bruxelles","status":"publish","type":"post","link":"https:\/\/linitiative.ca\/International\/lutte-contre-le-terrorisme-christophe-dabire-sollicite-laide-de-bruxelles\/","title":{"rendered":"Lutte contre le terrorisme: Christophe Dabir\u00e9 sollicite l\u2019aide de\u00a0 Bruxelles"},"content":{"rendered":"<div>\n<p><strong>Le chef du gouvernement burkinab\u00e8, Christophe Dabir\u00e9 a \u00e9t\u00e9 re\u00e7u en audience, ce vendredi 04 octobre, par le Vice-Premier ministre en charge \u00a0des Affaires \u00e9trang\u00e8res et europ\u00e9ennes, Didier Reyders. <\/strong><\/p>\n<p>En s\u00e9jour en Belgique dans le cadre de la 6<sup>e<\/sup> \u00e9dition du Rebranding Africa Forum (RAF), Christophe Dabir\u00e9 s\u2019est rendu, ce vendredi 04 octobre 2019, au Minist\u00e8re f\u00e9d\u00e9ral des Affaires \u00e9trang\u00e8res o\u00f9 il a rencontr\u00e9 le Vice-premier ministre, ministre des Affaires \u00e9trang\u00e8res et europ\u00e9ennes, de la D\u00e9fense, charg\u00e9 du Beliris et institutions culturelles f\u00e9d\u00e9rales, Didier Reyders. La \u00ab\u00a0visite de courtoisie\u00a0\u00bb a permis \u00e0 Christophe Dabir\u00e9 de traduire sa reconnaissance et celle du gouvernement au diplomate belge pour la qualit\u00e9 des relations entre les deux pays.<\/p>\n<p>Selon le Premier ministre, Didier Reyders a contribu\u00e9 au red\u00e9marrage et au renforcement de cette coop\u00e9ration. \u00ab\u00a0Aujourd\u2019hui, nous avons un ambassadeur du royaume de Belgique r\u00e9sident \u00e0 Ouagadougou. Ce qui est une excellente chose\u00a0\u00bb, s\u2019est-il r\u00e9joui. Les deux ont \u00e9galement parl\u00e9 de la situation s\u00e9curitaire au Burkina Faso, victime d\u2019attaques terroristes. \u00ab\u00a0Nous avons \u00e9chang\u00e9 sur la vision qu\u2019il a de cette situation et sur la contribution du royaume de Belgique pour aider le Burkina \u00e0 affronter ce d\u00e9fi avec beaucoup plus de s\u00e9r\u00e9nit\u00e9\u00a0\u00bb, a pr\u00e9cis\u00e9 le chef du gouvernement burkinab\u00e8. A ce sujet, M. Dabir\u00e9 a \u00e9t\u00e9 inform\u00e9 de l\u2019appui de la Belgique au renforcement des capacit\u00e9s des forces de d\u00e9fense et de s\u00e9curit\u00e9 burkinab\u00e8.<\/p>\n<p>Le vice-premier ministre change bient\u00f4t de casquette. Il \u00a0sera d\u00e9sormais commissaire\u00a0 europ\u00e9en charg\u00e9 de la Paix et de la Justice. Pour Christophe Dabir\u00e9, ces nouvelles responsabilit\u00e9s ne devraient pas impacter les relations entre le Burkina et le royaume de Belgique. Au contraire, elles doivent mieux renforcer ce qui est d\u00e9j\u00e0 fait. Le gouvernement burkinab\u00e8 est pr\u00e9occup\u00e9 par l\u2019instauration de la paix et le renforcement de la justice dans le cadre de la construction d\u2019un \u00c9tat de droit d\u00e9mocratique. \u00abDidier Reyders est bien plac\u00e9 pour r\u00e9fl\u00e9chir sur cette question et d\u00e9fendre un certain nombre de positions du Burkina au niveau de l\u2019Union europ\u00e9enne\u00a0\u00bb. Le chef du gouvernement a dit esp\u00e9rer que M. Reyders travaillera, es qualit\u00e9 de commissaire europ\u00e9en, \u00e0 l\u2019autonomisation du syst\u00e8me judiciaire burkinab\u00e8. \u00ab\u00a0<em>Ce qui permettra \u00e0 notre pays de s\u2019ins\u00e9rer harmonieusement dans le concert des nations pour la d\u00e9fense des droits de l\u2019homme et l\u2019instauration de l\u2019\u00c9tat de droit<\/em>\u00a0\u00bb, a-t-il estim\u00e9.<\/p>\n<p><strong>Djakaridia SIRIBIE<\/strong><\/p>\n<p><strong>Depuis Bruxelles<\/strong><\/p>\n<p>L\u2019article <a rel=\"nofollow\" href=\"https:\/\/www.sidwaya.info\/blog\/2019\/10\/04\/lutte-contre-le-terrorisme-christophe-dabire-sollicite-laide-de-bruxelles\/\">Lutte contre le terrorisme: Christophe Dabir\u00e9 sollicite l\u2019aide de\u00a0 Bruxelles<\/a> est apparu en premier sur <a rel=\"nofollow\" href=\"https:\/\/www.sidwaya.info\/\">Quotidien Sidwaya<\/a>.<\/p>\n<\/div>\n<p>Auteur: BS. Sidwaya<br \/>\n<a href=\"https:\/\/www.sidwaya.info\/blog\/2019\/10\/04\/lutte-contre-le-terrorisme-christophe-dabire-sollicite-laide-de-bruxelles\/\">Cliquez ici pour lire l&rsquo;article depuis sa source.<\/a><\/p>\n","protected":false},"excerpt":{"rendered":"<p>Le chef du gouvernement burkinab\u00e8, Christophe Dabir\u00e9 a \u00e9t\u00e9 re\u00e7u en audience, ce vendredi 04 octobre, par le Vice-Premier ministre en charge \u00a0des Affaires \u00e9trang\u00e8res et europ\u00e9ennes, Didier Reyders. En s\u00e9jour en Belgique dans le cadre de la 6e \u00e9dition du Rebranding Africa Forum (RAF), Christophe Dabir\u00e9 s\u2019est rendu, ce vendredi 04 octobre 2019, au [&hellip;]<\/p>\n","protected":false},"author":1816,"featured_media":0,"comment_status":"closed","ping_status":"closed","sticky":false,"template":"","format":"standard","meta":{"fifu_image_url":"","fifu_image_alt":"","footnotes":""},"categories":[73,81],"tags":[],"class_list":["post-63356","post","type-post","status-publish","format-standard","hentry","category-actualite","category-burkina-faso"],"_links":{"self":[{"href":"https:\/\/linitiative.ca\/International\/wp-json\/wp\/v2\/posts\/63356","targetHints":{"allow":["GET"]}}],"collection":[{"href":"https:\/\/linitiative.ca\/International\/wp-json\/wp\/v2\/posts"}],"about":[{"href":"https:\/\/linitiative.ca\/International\/wp-json\/wp\/v2\/types\/post"}],"author":[{"embeddable":true,"href":"https:\/\/linitiative.ca\/International\/wp-json\/wp\/v2\/users\/1816"}],"replies":[{"embeddable":true,"href":"https:\/\/linitiative.ca\/International\/wp-json\/wp\/v2\/comments?post=63356"}],"version-history":[{"count":0,"href":"https:\/\/linitiative.ca\/International\/wp-json\/wp\/v2\/posts\/63356\/revisions"}],"wp:attachment":[{"href":"https:\/\/linitiative.ca\/International\/wp-json\/wp\/v2\/media?parent=63356"}],"wp:term":[{"taxonomy":"category","embeddable":true,"href":"https:\/\/linitiative.ca\/International\/wp-json\/wp\/v2\/categories?post=63356"},{"taxonomy":"post_tag","embeddable":true,"href":"https:\/\/linitiative.ca\/International\/wp-json\/wp\/v2\/tags?post=63356"}],"curies":[{"name":"wp","href":"https:\/\/api.w.org\/{rel}","templated":true}]}}