{"id":63362,"date":"2019-10-04T05:56:55","date_gmt":"2019-10-04T09:56:55","guid":{"rendered":"https:\/\/linitiative.ca\/International\/le-mintp-veut-renforcer-son-autonomie-pour-les-travaux-en-regie\/"},"modified":"2019-10-04T05:56:55","modified_gmt":"2019-10-04T09:56:55","slug":"le-mintp-veut-renforcer-son-autonomie-pour-les-travaux-en-regie","status":"publish","type":"post","link":"https:\/\/linitiative.ca\/International\/le-mintp-veut-renforcer-son-autonomie-pour-les-travaux-en-regie\/","title":{"rendered":"Le Mintp veut renforcer son autonomie pour les travaux en r\u00e9gie"},"content":{"rendered":"<div class=\"featured-area featured-area-inner\"><img loading=\"lazy\" decoding=\"async\" width=\"622\" height=\"405\" src=\"https:\/\/i2.wp.com\/ecomatin.net\/wp-content\/uploads\/2019\/10\/ecomatin.net-le-mintp-veut-renforcer-son-autonomie-pour-les-travaux-en-regie-emmanuel-nganou-djoumessi.jpg?resize=622%2C405&#038;ssl=1&#038;is-pending-load=1\" class=\"attachment-jannah-image-post size-jannah-image-post wp-post-image jetpack-lazy-image\" alt=\"\" data-attachment-id=\"12412\" data-permalink=\"https:\/\/ecomatin.net\/le-mintp-veut-renforcer-son-autonomie-pour-les-travaux-en-regie\/emmanuel-nganou-djoumessi\/\" data-orig-file=\"https:\/\/i2.wp.com\/ecomatin.net\/wp-content\/uploads\/2019\/10\/ecomatin.net-le-mintp-veut-renforcer-son-autonomie-pour-les-travaux-en-regie-emmanuel-nganou-djoumessi.jpg?fit=622%2C413&#038;ssl=1\" data-orig-size=\"622,413\" data-comments-opened=\"0\" data-image-meta=\"{\"aperture\":\"0\",\"credit\":\"\",\"camera\":\"\",\"caption\":\"\",\"created_timestamp\":\"0\",\"copyright\":\"\",\"focal_length\":\"0\",\"iso\":\"0\",\"shutter_speed\":\"0\",\"title\":\"\",\"orientation\":\"0\"}\" data-image-title=\"emmanuel-nganou-djoumessi\" data-image-description=\"\" data-medium-file=\"https:\/\/i2.wp.com\/ecomatin.net\/wp-content\/uploads\/2019\/10\/ecomatin.net-le-mintp-veut-renforcer-son-autonomie-pour-les-travaux-en-regie-emmanuel-nganou-djoumessi.jpg?fit=300%2C199&#038;ssl=1\" data-large-file=\"https:\/\/i2.wp.com\/ecomatin.net\/wp-content\/uploads\/2019\/10\/ecomatin.net-le-mintp-veut-renforcer-son-autonomie-pour-les-travaux-en-regie-emmanuel-nganou-djoumessi.jpg?fit=622%2C413&#038;ssl=1\" srcset=\"data:image\/gif;base64,R0lGODlhAQABAIAAAAAAAP\/\/\/yH5BAEAAAAALAAAAAABAAEAAAIBRAA7\"\/><\/div>\n<div class=\"entry-content entry clearfix\" readability=\"62\">\n<p>Le processus de s\u00e9lection d\u2019une entreprise pour\u00a0 la mise en place d\u2019une unit\u00e9 de production de bitume a \u00e9t\u00e9 lanc\u00e9 par le minist\u00e8re des Travaux publics (<strong>Mintp)<\/strong>.\u00a0 \u00ab<em>Cet appel \u00e0 candidatures a pour objet principal, la s\u00e9lection d\u2019une entreprise ou d\u2019un consortium avec lequel le gouvernement va s\u2019engager dans le processus de production et de distribution de bitume au Cameroun et vers les sous-r\u00e9gions <strong>CEMAC et CEDEAO<\/strong><\/em><strong>\u00bb<\/strong>, indique <strong>Emmanuel Nganou Djoumessi<\/strong>\u00a0 dans le document publi\u00e9 dans la presse.\u00a0 Cette unit\u00e9 permettrait, selon le gouvernement, de r\u00e9duire le co\u00fbt des travaux routiers, de cr\u00e9er des emplois directs et indirects, de r\u00e9duire les importations, d\u2019am\u00e9liorer le solde de la balance commerciale et de d\u00e9velopper la cha\u00eene de valeurs. Elle arrive dans un contexte o\u00f9 le pays est oblig\u00e9 d\u2019importer ce mat\u00e9riau aupr\u00e8s d\u2019op\u00e9rateurs \u00e9trangers, \u00e0 un co\u00fbt qui se chiffre \u00e0 des milliards de FCFA. D\u2019o\u00f9, la n\u00e9cessit\u00e9 d\u2019en produire au niveau local. Car, la consommation du bitume est croissante pour les besoins infrastructurels au Cameroun, ainsi que pour ceux de la sous-r\u00e9gion. Il faut \u00e9galement dire que la mise en service de cette unit\u00e9 participerait \u00e0 l\u2019autonomisation des travaux en r\u00e9gie du Mintp<\/p>\n<p>Les travaux en r\u00e9gie aideront au gouvernement d\u2019intervenir en urgence et \u00e9viter les longues proc\u00e9dures de passation des march\u00e9s. Sur le terrain, plusieurs interventions en urgence ont d\u00e9j\u00e0 \u00e9t\u00e9 r\u00e9alis\u00e9es.\u00a0 C\u2019est le cas de la r\u00e9habilitation <strong>27 km<\/strong> de route sur l\u2019axe Ed\u00e9a-Kribi. Elle devra \u00e9tendre les travaux sur <strong>116,2 Km<\/strong> pour pr\u00e8s de <strong>20 millions FCFA<\/strong>.<\/p>\n<p>Rappelons que les travaux en r\u00e9gie sont applicables aux administrations et aux Collectivit\u00e9s Territoriales D\u00e9centralis\u00e9es (CTD). Les prestations \u00e9ligibles \u00e0 l\u2019ex\u00e9cution en r\u00e9gie concernent notamment les \u00e9tudes, travaux ou contr\u00f4le d\u2019infrastructures routi\u00e8res qui rev\u00eatent un caract\u00e8re urgent, strat\u00e9gique ou exceptionnel; les \u00e9tudes, le contr\u00f4le et les travaux des autres infrastructures; la poursuite des \u00e9tudes, du contr\u00f4le ou des travaux d\u2019infrastructures suite \u00e0 la r\u00e9siliation d\u2019un march\u00e9 public dont l\u2019ex\u00e9cution \u00e9tait confi\u00e9e \u00e0 un cocontractant. L\u2019initiative de la r\u00e9alisation en r\u00e9gie des projets d\u2019infrastructures routi\u00e8res incombe au Ma\u00eetre d\u2019Ouvrage et son co\u00fbt ne peut exc\u00e9der 10% des dotations budg\u00e9taires affect\u00e9es \u00e0 chacune des op\u00e9rations avec des seuils de\u00a0 <strong>250 millions FCFA<\/strong> lorsque le projet doit \u00eatre r\u00e9alis\u00e9 par le\u00a0 Mintp et <strong>100 millions FCFA<\/strong> par les CTD.<\/p>\n<div class=\"about-author about-author-box container-wrapper\">\n<div class=\"author-avatar\">\n<p><img decoding=\"async\" src=\"http:\/\/\" alt=\"\"\/><\/p>\n<\/div>\n<p><h4>La R\u00e9daction EcoMatin<\/h4>\n<\/p>\n<\/div>\n<div class=\"awac-wrapper awac widget blog_subscription-2\">\n<h4 class=\"widget-title\">Abonnez-vous \u00e0 notre lettre d&rsquo;information<\/h4>\n<\/div>\n<\/div>\n<div class=\"toggle-post-content clearfix\"><a id=\"toggle-post-button\" class=\"button\" href=\"#\">Afficher plus <\/a><\/div>\n<p>Auteur: EcoMatin<br \/>\n<a href=\"https:\/\/ecomatin.net\/le-mintp-veut-renforcer-son-autonomie-pour-les-travaux-en-regie\/\">Cliquez ici pour lire l&rsquo;article depuis sa source.<\/a><\/p>\n","protected":false},"excerpt":{"rendered":"<p>Le processus de s\u00e9lection d\u2019une entreprise pour\u00a0 la mise en place d\u2019une unit\u00e9 de production de bitume a \u00e9t\u00e9 lanc\u00e9 par le minist\u00e8re des Travaux publics (Mintp).\u00a0 \u00abCet appel \u00e0 candidatures a pour objet principal, la s\u00e9lection d\u2019une entreprise ou d\u2019un consortium avec lequel le gouvernement va s\u2019engager dans le processus de production et de [&hellip;]<\/p>\n","protected":false},"author":1969,"featured_media":0,"comment_status":"closed","ping_status":"closed","sticky":false,"template":"","format":"standard","meta":{"fifu_image_url":"","fifu_image_alt":"","footnotes":""},"categories":[82,78],"tags":[],"class_list":["post-63362","post","type-post","status-publish","format-standard","hentry","category-cameroun","category-economie"],"_links":{"self":[{"href":"https:\/\/linitiative.ca\/International\/wp-json\/wp\/v2\/posts\/63362","targetHints":{"allow":["GET"]}}],"collection":[{"href":"https:\/\/linitiative.ca\/International\/wp-json\/wp\/v2\/posts"}],"about":[{"href":"https:\/\/linitiative.ca\/International\/wp-json\/wp\/v2\/types\/post"}],"author":[{"embeddable":true,"href":"https:\/\/linitiative.ca\/International\/wp-json\/wp\/v2\/users\/1969"}],"replies":[{"embeddable":true,"href":"https:\/\/linitiative.ca\/International\/wp-json\/wp\/v2\/comments?post=63362"}],"version-history":[{"count":0,"href":"https:\/\/linitiative.ca\/International\/wp-json\/wp\/v2\/posts\/63362\/revisions"}],"wp:attachment":[{"href":"https:\/\/linitiative.ca\/International\/wp-json\/wp\/v2\/media?parent=63362"}],"wp:term":[{"taxonomy":"category","embeddable":true,"href":"https:\/\/linitiative.ca\/International\/wp-json\/wp\/v2\/categories?post=63362"},{"taxonomy":"post_tag","embeddable":true,"href":"https:\/\/linitiative.ca\/International\/wp-json\/wp\/v2\/tags?post=63362"}],"curies":[{"name":"wp","href":"https:\/\/api.w.org\/{rel}","templated":true}]}}