{"id":63363,"date":"2019-10-04T06:41:50","date_gmt":"2019-10-04T10:41:50","guid":{"rendered":"https:\/\/linitiative.ca\/International\/coulisses-ce-que-pensent-les-membres-des-commissions-du-dialogue\/"},"modified":"2019-10-04T06:41:50","modified_gmt":"2019-10-04T10:41:50","slug":"coulisses-ce-que-pensent-les-membres-des-commissions-du-dialogue","status":"publish","type":"post","link":"https:\/\/linitiative.ca\/International\/coulisses-ce-que-pensent-les-membres-des-commissions-du-dialogue\/","title":{"rendered":"Coulisses : Ce que pensent les membres des commissions du Dialogue"},"content":{"rendered":"<p><span class=\"c2\"><strong>Cardinal Christian Tumi<\/strong>, <strong>Archbishop Emeritus of Douala<\/strong><\/span><\/p>\n<p><a href=\"https:\/\/i1.wp.com\/ecomatin.net\/wp-content\/uploads\/2019\/10\/ecomatin.net-coulisses-ce-que-pensent-les-membres-des-commissions-du-dialogue-christian-tumi-22082016-otric-1213-ns-600-800xyyy.jpg?ssl=1\"><\/p>\n<p><img loading=\"lazy\" decoding=\"async\" data-attachment-id=\"12402\" data-permalink=\"https:\/\/ecomatin.net\/coulisses-ce-que-pensent-les-membres-des-commissions-du-dialogue\/christian-tumi-22082016-otric-1213-ns-600-800xyyy\/\" data-orig-file=\"https:\/\/i1.wp.com\/ecomatin.net\/wp-content\/uploads\/2019\/10\/ecomatin.net-coulisses-ce-que-pensent-les-membres-des-commissions-du-dialogue-christian-tumi-22082016-otric-1213-ns-600-800xyyy.jpg?fit=743%2C480&#038;ssl=1\" data-orig-size=\"743,480\" data-comments-opened=\"0\" data-image-meta=\"{\"aperture\":\"0\",\"credit\":\"\",\"camera\":\"\",\"caption\":\"\",\"created_timestamp\":\"0\",\"copyright\":\"\",\"focal_length\":\"0\",\"iso\":\"0\",\"shutter_speed\":\"0\",\"title\":\"\",\"orientation\":\"0\"}\" data-image-title=\"Christian-Tumi-22082016-otric-1213-ns-600-800xyyy\" data-image-description=\"\" data-medium-file=\"https:\/\/i1.wp.com\/ecomatin.net\/wp-content\/uploads\/2019\/10\/ecomatin.net-coulisses-ce-que-pensent-les-membres-des-commissions-du-dialogue-christian-tumi-22082016-otric-1213-ns-600-800xyyy.jpg?fit=300%2C194&#038;ssl=1\" data-large-file=\"https:\/\/i1.wp.com\/ecomatin.net\/wp-content\/uploads\/2019\/10\/ecomatin.net-coulisses-ce-que-pensent-les-membres-des-commissions-du-dialogue-christian-tumi-22082016-otric-1213-ns-600-800xyyy.jpg?fit=743%2C480&#038;ssl=1\" class=\"wp-image-12402 alignleft\" src=\"https:\/\/i1.wp.com\/ecomatin.net\/wp-content\/uploads\/2019\/10\/ecomatin.net-coulisses-ce-que-pensent-les-membres-des-commissions-du-dialogue-christian-tumi-22082016-otric-1213-ns-600-800xyyy.jpg?resize=230%2C148&#038;ssl=1\" alt=\"\" width=\"230\" height=\"148\" srcset=\"https:\/\/i1.wp.com\/ecomatin.net\/wp-content\/uploads\/2019\/10\/ecomatin.net-coulisses-ce-que-pensent-les-membres-des-commissions-du-dialogue-christian-tumi-22082016-otric-1213-ns-600-800xyyy.jpg?w=743&#038;ssl=1 743w, https:\/\/i1.wp.com\/ecomatin.net\/wp-content\/uploads\/2019\/10\/ecomatin.net-coulisses-ce-que-pensent-les-membres-des-commissions-du-dialogue-christian-tumi-22082016-otric-1213-ns-600-800xyyy.jpg?resize=300%2C194&#038;ssl=1 300w\" sizes=\"auto, (max-width: 230px) 100vw, 230px\" data-recalc-dims=\"1\"\/><\/p>\n<p><\/a><\/p>\n<p><em>\u00abWe talked about the release of prisoners related to the crisis, security and confident building measures, psychological assistance and support, and doing things that will enable refugees come back to the country and for the internally displaced persons to feel to go back to their homes. Arm should be dropped and the military can go back to the barracks and the boys lay down their arms. \u00bb<\/em><\/p>\n<p><span class=\"c2\"><strong>Christophe Ekeng, Pr\u00e9sident de la Chambre de commerce<\/strong><\/span><\/p>\n<p><a href=\"https:\/\/i0.wp.com\/ecomatin.net\/wp-content\/uploads\/2019\/10\/ecomatin.net-coulisses-ce-que-pensent-les-membres-des-commissions-du-dialogue-images-1.jpg?ssl=1\"><\/p>\n<p><img loading=\"lazy\" decoding=\"async\" data-attachment-id=\"12403\" data-permalink=\"https:\/\/ecomatin.net\/coulisses-ce-que-pensent-les-membres-des-commissions-du-dialogue\/images-1-3\/\" data-orig-file=\"https:\/\/i0.wp.com\/ecomatin.net\/wp-content\/uploads\/2019\/10\/ecomatin.net-coulisses-ce-que-pensent-les-membres-des-commissions-du-dialogue-images-1.jpg?fit=218%2C195&#038;ssl=1\" data-orig-size=\"218,195\" data-comments-opened=\"0\" data-image-meta=\"{\"aperture\":\"0\",\"credit\":\"\",\"camera\":\"\",\"caption\":\"\",\"created_timestamp\":\"0\",\"copyright\":\"\",\"focal_length\":\"0\",\"iso\":\"0\",\"shutter_speed\":\"0\",\"title\":\"\",\"orientation\":\"0\"}\" data-image-title=\"images (1)\" data-image-description=\"\" data-medium-file=\"https:\/\/i0.wp.com\/ecomatin.net\/wp-content\/uploads\/2019\/10\/ecomatin.net-coulisses-ce-que-pensent-les-membres-des-commissions-du-dialogue-images-1.jpg?fit=218%2C195&#038;ssl=1\" data-large-file=\"https:\/\/i0.wp.com\/ecomatin.net\/wp-content\/uploads\/2019\/10\/ecomatin.net-coulisses-ce-que-pensent-les-membres-des-commissions-du-dialogue-images-1.jpg?fit=218%2C195&#038;ssl=1\" class=\" wp-image-12403 alignleft\" src=\"https:\/\/i0.wp.com\/ecomatin.net\/wp-content\/uploads\/2019\/10\/ecomatin.net-coulisses-ce-que-pensent-les-membres-des-commissions-du-dialogue-images-1.jpg?resize=207%2C185&#038;ssl=1\" alt=\"\" width=\"207\" height=\"185\" data-recalc-dims=\"1\"\/><\/p>\n<p><\/a><\/p>\n<p><em>\u00ab\u00a0Tant qu\u2019il n\u2019y a pas la paix, on ne peut pas reconstruire, r\u00e9habiliter et faire un programme qui puisse permettre d\u2019amener les investissements. Nous avons fait des propositions tr\u00e8s concr\u00e8tes qui puissent permettre de ramener nos fr\u00e8res de l\u2019autre c\u00f4t\u00e9 de la fronti\u00e8re et de donner du travail aux jeunes parce que nous pensons que cette crise vient du fait que ces jeunes ne sont pas utilis\u00e9s\u00a0\u00bb<\/em><\/p>\n<p><span class=\"c2\"><strong>Pr. Prosper Nkou Mvondo, Pr\u00e9sident du parti UNIVERS<\/strong><\/span><\/p>\n<p><a href=\"https:\/\/i0.wp.com\/ecomatin.net\/wp-content\/uploads\/2019\/10\/ecomatin.net-coulisses-ce-que-pensent-les-membres-des-commissions-du-dialogue-nkou-mvondo-paul-biya.jpg?ssl=1\"><\/p>\n<p><img loading=\"lazy\" decoding=\"async\" data-attachment-id=\"12414\" data-permalink=\"https:\/\/ecomatin.net\/coulisses-ce-que-pensent-les-membres-des-commissions-du-dialogue\/nkou-mvondo-paul-biya\/\" data-orig-file=\"https:\/\/i0.wp.com\/ecomatin.net\/wp-content\/uploads\/2019\/10\/ecomatin.net-coulisses-ce-que-pensent-les-membres-des-commissions-du-dialogue-nkou-mvondo-paul-biya.jpg?fit=1071%2C778&#038;ssl=1\" data-orig-size=\"1071,778\" data-comments-opened=\"0\" data-image-meta=\"{\"aperture\":\"0\",\"credit\":\"MARTIAL\",\"camera\":\"\",\"caption\":\"\",\"created_timestamp\":\"1540255361\",\"copyright\":\"\",\"focal_length\":\"0\",\"iso\":\"0\",\"shutter_speed\":\"0\",\"title\":\"\",\"orientation\":\"0\"}\" data-image-title=\"nkou-mvondo-paul-biya\" data-image-description=\"\" data-medium-file=\"https:\/\/i0.wp.com\/ecomatin.net\/wp-content\/uploads\/2019\/10\/ecomatin.net-coulisses-ce-que-pensent-les-membres-des-commissions-du-dialogue-nkou-mvondo-paul-biya.jpg?fit=300%2C218&#038;ssl=1\" data-large-file=\"https:\/\/i0.wp.com\/ecomatin.net\/wp-content\/uploads\/2019\/10\/ecomatin.net-coulisses-ce-que-pensent-les-membres-des-commissions-du-dialogue-nkou-mvondo-paul-biya.jpg?fit=1024%2C744&#038;ssl=1\" class=\"wp-image-12414 alignleft\" src=\"https:\/\/i0.wp.com\/ecomatin.net\/wp-content\/uploads\/2019\/10\/ecomatin.net-coulisses-ce-que-pensent-les-membres-des-commissions-du-dialogue-nkou-mvondo-paul-biya.jpg?resize=205%2C149&#038;ssl=1\" alt=\"\" width=\"205\" height=\"149\" srcset=\"https:\/\/i0.wp.com\/ecomatin.net\/wp-content\/uploads\/2019\/10\/ecomatin.net-coulisses-ce-que-pensent-les-membres-des-commissions-du-dialogue-nkou-mvondo-paul-biya.jpg?resize=1024%2C744&#038;ssl=1 1024w, https:\/\/i0.wp.com\/ecomatin.net\/wp-content\/uploads\/2019\/10\/ecomatin.net-coulisses-ce-que-pensent-les-membres-des-commissions-du-dialogue-nkou-mvondo-paul-biya.jpg?resize=300%2C218&#038;ssl=1 300w, https:\/\/i0.wp.com\/ecomatin.net\/wp-content\/uploads\/2019\/10\/ecomatin.net-coulisses-ce-que-pensent-les-membres-des-commissions-du-dialogue-nkou-mvondo-paul-biya.jpg?resize=768%2C558&#038;ssl=1 768w, https:\/\/i0.wp.com\/ecomatin.net\/wp-content\/uploads\/2019\/10\/ecomatin.net-coulisses-ce-que-pensent-les-membres-des-commissions-du-dialogue-nkou-mvondo-paul-biya.jpg?w=1071&#038;ssl=1 1071w\" sizes=\"auto, (max-width: 205px) 100vw, 205px\" data-recalc-dims=\"1\"\/><\/p>\n<p><\/a><\/p>\n<p><em>\u00ab\u00a0J\u2019esp\u00e8re que lorsque nous aurons arr\u00eat\u00e9 un certain nombre de r\u00e9solutions, nous irons vers ceux qui sont encore r\u00e9ticents \u00e0 s\u2019ouvrir au dialogue. J\u2019esp\u00e8re que nous irons aupr\u00e8s des vrais acteurs qui, visiblement, sont absents afin que la crise anglophone, \u00e0 d\u00e9faut d\u2019\u00eatre r\u00e9gl\u00e9e d\u00e9finitivement, soit r\u00e9gl\u00e9e de fa\u00e7on partielle\u00a0\u00bb.<\/em><\/p>\n<p><span class=\"c2\"><strong>Achaleke Christian Leke, Commonwealth Youth Ambassor<\/strong><\/span><\/p>\n<p><a href=\"https:\/\/i0.wp.com\/ecomatin.net\/wp-content\/uploads\/2019\/10\/ecomatin.net-coulisses-ce-que-pensent-les-membres-des-commissions-du-dialogue-square.jpg?ssl=1\"><\/p>\n<p><img loading=\"lazy\" decoding=\"async\" data-attachment-id=\"12405\" data-permalink=\"https:\/\/ecomatin.net\/coulisses-ce-que-pensent-les-membres-des-commissions-du-dialogue\/square\/\" data-orig-file=\"https:\/\/i0.wp.com\/ecomatin.net\/wp-content\/uploads\/2019\/10\/ecomatin.net-coulisses-ce-que-pensent-les-membres-des-commissions-du-dialogue-square.jpg?fit=1200%2C1200&#038;ssl=1\" data-orig-size=\"1200,1200\" data-comments-opened=\"0\" data-image-meta=\"{\"aperture\":\"0\",\"credit\":\"\",\"camera\":\"\",\"caption\":\"\",\"created_timestamp\":\"0\",\"copyright\":\"\",\"focal_length\":\"0\",\"iso\":\"0\",\"shutter_speed\":\"0\",\"title\":\"\",\"orientation\":\"1\"}\" data-image-title=\"Square\" data-image-description=\"\" data-medium-file=\"https:\/\/i0.wp.com\/ecomatin.net\/wp-content\/uploads\/2019\/10\/ecomatin.net-coulisses-ce-que-pensent-les-membres-des-commissions-du-dialogue-square.jpg?fit=300%2C300&#038;ssl=1\" data-large-file=\"https:\/\/i0.wp.com\/ecomatin.net\/wp-content\/uploads\/2019\/10\/ecomatin.net-coulisses-ce-que-pensent-les-membres-des-commissions-du-dialogue-square.jpg?fit=1024%2C1024&#038;ssl=1\" class=\"wp-image-12405 alignleft\" src=\"https:\/\/i0.wp.com\/ecomatin.net\/wp-content\/uploads\/2019\/10\/ecomatin.net-coulisses-ce-que-pensent-les-membres-des-commissions-du-dialogue-square.jpg?resize=221%2C220&#038;ssl=1\" alt=\"\" width=\"221\" height=\"220\" srcset=\"https:\/\/i0.wp.com\/ecomatin.net\/wp-content\/uploads\/2019\/10\/ecomatin.net-coulisses-ce-que-pensent-les-membres-des-commissions-du-dialogue-square.jpg?resize=1024%2C1024&#038;ssl=1 1024w, https:\/\/i0.wp.com\/ecomatin.net\/wp-content\/uploads\/2019\/10\/ecomatin.net-coulisses-ce-que-pensent-les-membres-des-commissions-du-dialogue-square.jpg?resize=150%2C150&#038;ssl=1 150w, https:\/\/i0.wp.com\/ecomatin.net\/wp-content\/uploads\/2019\/10\/ecomatin.net-coulisses-ce-que-pensent-les-membres-des-commissions-du-dialogue-square.jpg?resize=300%2C300&#038;ssl=1 300w, https:\/\/i0.wp.com\/ecomatin.net\/wp-content\/uploads\/2019\/10\/ecomatin.net-coulisses-ce-que-pensent-les-membres-des-commissions-du-dialogue-square.jpg?resize=768%2C768&#038;ssl=1 768w, https:\/\/i0.wp.com\/ecomatin.net\/wp-content\/uploads\/2019\/10\/ecomatin.net-coulisses-ce-que-pensent-les-membres-des-commissions-du-dialogue-square.jpg?w=1200&#038;ssl=1 1200w\" sizes=\"auto, (max-width: 221px) 100vw, 221px\" data-recalc-dims=\"1\"\/><\/p>\n<p><\/a><\/p>\n<p><em>\u00abConsidering that those people have come from all walks of life and there are victims too here, peace is the prime objective. If the guns are silence, peace will return and the regions will return to normalcy. I am optimistic about the process because I am a Christian and I believe in impossibilities. \u00bb<\/em><\/p>\n<p><span class=\"c2\"><strong>Hon. Patricia Tomaino Ndam Njoya, D\u00e9put\u00e9 UDC<\/strong><\/span><\/p>\n<p><a href=\"https:\/\/i2.wp.com\/ecomatin.net\/wp-content\/uploads\/2019\/10\/ecomatin.net-coulisses-ce-que-pensent-les-membres-des-commissions-du-dialogue-26230687-1989058574666469-1114850546754171849-n-500x445.jpg?ssl=1\"><\/p>\n<p><img loading=\"lazy\" decoding=\"async\" data-attachment-id=\"12406\" data-permalink=\"https:\/\/ecomatin.net\/coulisses-ce-que-pensent-les-membres-des-commissions-du-dialogue\/26230687-1989058574666469-1114850546754171849-n-500x445\/\" data-orig-file=\"https:\/\/i2.wp.com\/ecomatin.net\/wp-content\/uploads\/2019\/10\/ecomatin.net-coulisses-ce-que-pensent-les-membres-des-commissions-du-dialogue-26230687-1989058574666469-1114850546754171849-n-500x445.jpg?fit=500%2C445&#038;ssl=1\" data-orig-size=\"500,445\" data-comments-opened=\"0\" data-image-meta=\"{\"aperture\":\"0\",\"credit\":\"\",\"camera\":\"\",\"caption\":\"\",\"created_timestamp\":\"0\",\"copyright\":\"\",\"focal_length\":\"0\",\"iso\":\"0\",\"shutter_speed\":\"0\",\"title\":\"\",\"orientation\":\"0\"}\" data-image-title=\"26230687-1989058574666469-1114850546754171849-n-500\u00d7445\" data-image-description=\"\" data-medium-file=\"https:\/\/i2.wp.com\/ecomatin.net\/wp-content\/uploads\/2019\/10\/ecomatin.net-coulisses-ce-que-pensent-les-membres-des-commissions-du-dialogue-26230687-1989058574666469-1114850546754171849-n-500x445.jpg?fit=300%2C267&#038;ssl=1\" data-large-file=\"https:\/\/i2.wp.com\/ecomatin.net\/wp-content\/uploads\/2019\/10\/ecomatin.net-coulisses-ce-que-pensent-les-membres-des-commissions-du-dialogue-26230687-1989058574666469-1114850546754171849-n-500x445.jpg?fit=500%2C445&#038;ssl=1\" class=\"wp-image-12406 alignleft\" src=\"https:\/\/i2.wp.com\/ecomatin.net\/wp-content\/uploads\/2019\/10\/ecomatin.net-coulisses-ce-que-pensent-les-membres-des-commissions-du-dialogue-26230687-1989058574666469-1114850546754171849-n-500x445.jpg?resize=213%2C189&#038;ssl=1\" alt=\"\" width=\"213\" height=\"189\" srcset=\"https:\/\/i2.wp.com\/ecomatin.net\/wp-content\/uploads\/2019\/10\/ecomatin.net-coulisses-ce-que-pensent-les-membres-des-commissions-du-dialogue-26230687-1989058574666469-1114850546754171849-n-500x445.jpg?resize=500%2C445&#038;ssl=1 500w, https:\/\/i2.wp.com\/ecomatin.net\/wp-content\/uploads\/2019\/10\/ecomatin.net-coulisses-ce-que-pensent-les-membres-des-commissions-du-dialogue-26230687-1989058574666469-1114850546754171849-n-500x445.jpg?resize=300%2C267&#038;ssl=1 300w\" sizes=\"auto, (max-width: 213px) 100vw, 213px\" data-recalc-dims=\"1\"\/><\/p>\n<p><\/a><\/p>\n<p><em>\u00ab\u00a0A l\u2019issue de ces quatre jours de travaux, on n\u2019aura pas une baguette magique qui va remettre tout en ordre. Mais nous aurons pris la voie idoine et tout le monde aura compris sa responsabilit\u00e9 afin de construire un Cameroun resplendissant, rempli de citoyens patriotes o\u00f9 l\u2019int\u00e9r\u00eat g\u00e9n\u00e9ral pr\u00e9domine\u00a0\u00bb.<\/em><\/p>\n<p><span class=\"c2\"><strong>Me Charles Tchoungang, Avocat<\/strong><\/span><\/p>\n<p><a href=\"https:\/\/i2.wp.com\/ecomatin.net\/wp-content\/uploads\/2019\/10\/ecomatin.net-coulisses-ce-que-pensent-les-membres-des-commissions-du-dialogue-08.jpg?ssl=1\"><\/p>\n<p><img loading=\"lazy\" decoding=\"async\" data-attachment-id=\"12407\" data-permalink=\"https:\/\/ecomatin.net\/coulisses-ce-que-pensent-les-membres-des-commissions-du-dialogue\/attachment\/08\/\" data-orig-file=\"https:\/\/i2.wp.com\/ecomatin.net\/wp-content\/uploads\/2019\/10\/ecomatin.net-coulisses-ce-que-pensent-les-membres-des-commissions-du-dialogue-08.jpg?fit=794%2C794&#038;ssl=1\" data-orig-size=\"794,794\" data-comments-opened=\"0\" data-image-meta=\"{\"aperture\":\"0\",\"credit\":\"\",\"camera\":\"\",\"caption\":\"\",\"created_timestamp\":\"0\",\"copyright\":\"\",\"focal_length\":\"0\",\"iso\":\"0\",\"shutter_speed\":\"0\",\"title\":\"\",\"orientation\":\"0\"}\" data-image-title=\"08\" data-image-description=\"\" data-medium-file=\"https:\/\/i2.wp.com\/ecomatin.net\/wp-content\/uploads\/2019\/10\/ecomatin.net-coulisses-ce-que-pensent-les-membres-des-commissions-du-dialogue-08.jpg?fit=300%2C300&#038;ssl=1\" data-large-file=\"https:\/\/i2.wp.com\/ecomatin.net\/wp-content\/uploads\/2019\/10\/ecomatin.net-coulisses-ce-que-pensent-les-membres-des-commissions-du-dialogue-08.jpg?fit=794%2C794&#038;ssl=1\" class=\"wp-image-12407 alignleft\" src=\"https:\/\/i2.wp.com\/ecomatin.net\/wp-content\/uploads\/2019\/10\/ecomatin.net-coulisses-ce-que-pensent-les-membres-des-commissions-du-dialogue-08.jpg?resize=211%2C211&#038;ssl=1\" alt=\"\" width=\"211\" height=\"211\" srcset=\"https:\/\/i2.wp.com\/ecomatin.net\/wp-content\/uploads\/2019\/10\/ecomatin.net-coulisses-ce-que-pensent-les-membres-des-commissions-du-dialogue-08.jpg?w=794&#038;ssl=1 794w, https:\/\/i2.wp.com\/ecomatin.net\/wp-content\/uploads\/2019\/10\/ecomatin.net-coulisses-ce-que-pensent-les-membres-des-commissions-du-dialogue-08.jpg?resize=150%2C150&#038;ssl=1 150w, https:\/\/i2.wp.com\/ecomatin.net\/wp-content\/uploads\/2019\/10\/ecomatin.net-coulisses-ce-que-pensent-les-membres-des-commissions-du-dialogue-08.jpg?resize=300%2C300&#038;ssl=1 300w, https:\/\/i2.wp.com\/ecomatin.net\/wp-content\/uploads\/2019\/10\/ecomatin.net-coulisses-ce-que-pensent-les-membres-des-commissions-du-dialogue-08.jpg?resize=768%2C768&#038;ssl=1 768w\" sizes=\"auto, (max-width: 211px) 100vw, 211px\" data-recalc-dims=\"1\"\/><\/p>\n<p><\/a><\/p>\n<p><em>\u00ab\u00a0Nous avons deux grandes tendances\u00a0: les conservateurs qui souhaitent le statu quo et l\u2019autre tendance qui souhaite des \u00e9volutions. Un consensus est en train de se trouver sur les r\u00e9formes n\u00e9cessaires pour faire que notre justice soit plus transparente, plus juste et plus \u00e9quitable (\u2026)Pour l\u2019avenir, je suis confiant, je crois que les conclusions qui seront donn\u00e9es correspondront aux travaux faits en commissions\u00a0\u00bb<\/em><\/p>\n<p><span class=\"c2\"><strong>Rev. Fonki Samuel, Moderator of the Presbyterian Church in Cameroon<\/strong><\/span><\/p>\n<p><a href=\"https:\/\/i2.wp.com\/ecomatin.net\/wp-content\/uploads\/2019\/10\/ecomatin.net-coulisses-ce-que-pensent-les-membres-des-commissions-du-dialogue-telechargement-1.jpg?ssl=1\"><\/p>\n<p><img loading=\"lazy\" decoding=\"async\" data-attachment-id=\"12408\" data-permalink=\"https:\/\/ecomatin.net\/coulisses-ce-que-pensent-les-membres-des-commissions-du-dialogue\/telechargement-1-2\/\" data-orig-file=\"https:\/\/i2.wp.com\/ecomatin.net\/wp-content\/uploads\/2019\/10\/ecomatin.net-coulisses-ce-que-pensent-les-membres-des-commissions-du-dialogue-telechargement-1.jpg?fit=275%2C183&#038;ssl=1\" data-orig-size=\"275,183\" data-comments-opened=\"0\" data-image-meta=\"{\"aperture\":\"0\",\"credit\":\"\",\"camera\":\"\",\"caption\":\"\",\"created_timestamp\":\"0\",\"copyright\":\"\",\"focal_length\":\"0\",\"iso\":\"0\",\"shutter_speed\":\"0\",\"title\":\"\",\"orientation\":\"0\"}\" data-image-title=\"t\u00e9l\u00e9chargement (1)\" data-image-description=\"\" data-medium-file=\"https:\/\/i2.wp.com\/ecomatin.net\/wp-content\/uploads\/2019\/10\/ecomatin.net-coulisses-ce-que-pensent-les-membres-des-commissions-du-dialogue-telechargement-1.jpg?fit=275%2C183&#038;ssl=1\" data-large-file=\"https:\/\/i2.wp.com\/ecomatin.net\/wp-content\/uploads\/2019\/10\/ecomatin.net-coulisses-ce-que-pensent-les-membres-des-commissions-du-dialogue-telechargement-1.jpg?fit=275%2C183&#038;ssl=1\" class=\" wp-image-12408 alignleft\" src=\"https:\/\/i2.wp.com\/ecomatin.net\/wp-content\/uploads\/2019\/10\/ecomatin.net-coulisses-ce-que-pensent-les-membres-des-commissions-du-dialogue-telechargement-1.jpg?resize=224%2C149&#038;ssl=1\" alt=\"\" width=\"224\" height=\"149\" data-recalc-dims=\"1\"\/><\/p>\n<p><\/a><\/p>\n<p><em>\u00ab\u00a0 The opening gave way for frank talk especially from the ex-fighters and also from the speech of the Prime minister. The different eight commissions that have put in place, I believe that it work is well done in these commissions, then we will arrive at a resolution that will bring the peace we are talking about (\u2026) Cameroonians are really concerned about what is plaguing the North west and the South west regions and their prayer is that there should be peace and that this country should continue to exist as a free prosperous nation. \u00bb<\/em><\/p>\n<p><span class=\"c2\"><strong>Serge Espoir Matomba, Premier secr\u00e9taire du PURS<\/strong><\/span><\/p>\n<p><a href=\"https:\/\/i0.wp.com\/ecomatin.net\/wp-content\/uploads\/2019\/10\/ecomatin.net-coulisses-ce-que-pensent-les-membres-des-commissions-du-dialogue-19b2674528b4d5fa396dcc8c20062871-xl.jpg?ssl=1\"><\/p>\n<p><img loading=\"lazy\" decoding=\"async\" data-attachment-id=\"12409\" data-permalink=\"https:\/\/ecomatin.net\/coulisses-ce-que-pensent-les-membres-des-commissions-du-dialogue\/19b2674528b4d5fa396dcc8c20062871-xl\/\" data-orig-file=\"https:\/\/i0.wp.com\/ecomatin.net\/wp-content\/uploads\/2019\/10\/ecomatin.net-coulisses-ce-que-pensent-les-membres-des-commissions-du-dialogue-19b2674528b4d5fa396dcc8c20062871-xl.jpg?fit=900%2C580&#038;ssl=1\" data-orig-size=\"900,580\" data-comments-opened=\"0\" data-image-meta=\"{\"aperture\":\"0\",\"credit\":\"\",\"camera\":\"\",\"caption\":\"\",\"created_timestamp\":\"0\",\"copyright\":\"\",\"focal_length\":\"0\",\"iso\":\"0\",\"shutter_speed\":\"0\",\"title\":\"\",\"orientation\":\"0\"}\" data-image-title=\"19b2674528b4d5fa396dcc8c20062871-XL\" data-image-description=\"\" data-medium-file=\"https:\/\/i0.wp.com\/ecomatin.net\/wp-content\/uploads\/2019\/10\/ecomatin.net-coulisses-ce-que-pensent-les-membres-des-commissions-du-dialogue-19b2674528b4d5fa396dcc8c20062871-xl.jpg?fit=300%2C193&#038;ssl=1\" data-large-file=\"https:\/\/i0.wp.com\/ecomatin.net\/wp-content\/uploads\/2019\/10\/ecomatin.net-coulisses-ce-que-pensent-les-membres-des-commissions-du-dialogue-19b2674528b4d5fa396dcc8c20062871-xl.jpg?fit=900%2C580&#038;ssl=1\" class=\"wp-image-12409 alignleft\" src=\"https:\/\/i0.wp.com\/ecomatin.net\/wp-content\/uploads\/2019\/10\/ecomatin.net-coulisses-ce-que-pensent-les-membres-des-commissions-du-dialogue-19b2674528b4d5fa396dcc8c20062871-xl.jpg?resize=233%2C150&#038;ssl=1\" alt=\"\" width=\"233\" height=\"150\" srcset=\"https:\/\/i0.wp.com\/ecomatin.net\/wp-content\/uploads\/2019\/10\/ecomatin.net-coulisses-ce-que-pensent-les-membres-des-commissions-du-dialogue-19b2674528b4d5fa396dcc8c20062871-xl.jpg?w=900&#038;ssl=1 900w, https:\/\/i0.wp.com\/ecomatin.net\/wp-content\/uploads\/2019\/10\/ecomatin.net-coulisses-ce-que-pensent-les-membres-des-commissions-du-dialogue-19b2674528b4d5fa396dcc8c20062871-xl.jpg?resize=300%2C193&#038;ssl=1 300w, https:\/\/i0.wp.com\/ecomatin.net\/wp-content\/uploads\/2019\/10\/ecomatin.net-coulisses-ce-que-pensent-les-membres-des-commissions-du-dialogue-19b2674528b4d5fa396dcc8c20062871-xl.jpg?resize=768%2C495&#038;ssl=1 768w, https:\/\/i0.wp.com\/ecomatin.net\/wp-content\/uploads\/2019\/10\/ecomatin.net-coulisses-ce-que-pensent-les-membres-des-commissions-du-dialogue-19b2674528b4d5fa396dcc8c20062871-xl.jpg?resize=780%2C500&#038;ssl=1 780w\" sizes=\"auto, (max-width: 233px) 100vw, 233px\" data-recalc-dims=\"1\"\/><\/p>\n<p><\/a><\/p>\n<p><em>\u00abIl y a des personnes qui d\u00e9sirent conserver ce qui se passe actuellement. On peut faire mieux. Et aller vers ce qui, non seulement nous permettra de sortir de la crise actuelle, mais \u00e9viter que nous puissions avoir une autre crise dans les prochaines ann\u00e9es (\u2026) Pour ce qui est des perspectives, j\u2019ai espoir que si les r\u00e9solutions prises ici ont un chronogramme d\u2019impl\u00e9mentation et sont impl\u00e9ment\u00e9es, nous n\u2019aurons plus ce genre de probl\u00e8mes \u00e0 l\u2019avenir. \u00bb<\/em><\/p>\n<p><span class=\"c2\"><strong>Sylvestre Naah Ondoua, S\u00e9nateur<\/strong><\/span><\/p>\n<p><a href=\"https:\/\/i2.wp.com\/ecomatin.net\/wp-content\/uploads\/2019\/10\/ecomatin.net-coulisses-ce-que-pensent-les-membres-des-commissions-du-dialogue-naah-ondoua-sylvestre-1.jpg?ssl=1\"><\/p>\n<p><img loading=\"lazy\" decoding=\"async\" data-attachment-id=\"12410\" data-permalink=\"https:\/\/ecomatin.net\/coulisses-ce-que-pensent-les-membres-des-commissions-du-dialogue\/naah-ondoua-sylvestre-1\/\" data-orig-file=\"https:\/\/i2.wp.com\/ecomatin.net\/wp-content\/uploads\/2019\/10\/ecomatin.net-coulisses-ce-que-pensent-les-membres-des-commissions-du-dialogue-naah-ondoua-sylvestre-1.jpg?fit=750%2C500&#038;ssl=1\" data-orig-size=\"750,500\" data-comments-opened=\"0\" data-image-meta=\"{\"aperture\":\"0\",\"credit\":\"\",\"camera\":\"\",\"caption\":\"\",\"created_timestamp\":\"0\",\"copyright\":\"\",\"focal_length\":\"0\",\"iso\":\"0\",\"shutter_speed\":\"0\",\"title\":\"\",\"orientation\":\"0\"}\" data-image-title=\"Naah Ondoua Sylvestre-1\" data-image-description=\"\" data-medium-file=\"https:\/\/i2.wp.com\/ecomatin.net\/wp-content\/uploads\/2019\/10\/ecomatin.net-coulisses-ce-que-pensent-les-membres-des-commissions-du-dialogue-naah-ondoua-sylvestre-1.jpg?fit=300%2C200&#038;ssl=1\" data-large-file=\"https:\/\/i2.wp.com\/ecomatin.net\/wp-content\/uploads\/2019\/10\/ecomatin.net-coulisses-ce-que-pensent-les-membres-des-commissions-du-dialogue-naah-ondoua-sylvestre-1.jpg?fit=750%2C500&#038;ssl=1\" class=\"wp-image-12410 alignleft\" src=\"https:\/\/i2.wp.com\/ecomatin.net\/wp-content\/uploads\/2019\/10\/ecomatin.net-coulisses-ce-que-pensent-les-membres-des-commissions-du-dialogue-naah-ondoua-sylvestre-1.jpg?resize=238%2C158&#038;ssl=1\" alt=\"\" width=\"238\" height=\"158\" srcset=\"https:\/\/i2.wp.com\/ecomatin.net\/wp-content\/uploads\/2019\/10\/ecomatin.net-coulisses-ce-que-pensent-les-membres-des-commissions-du-dialogue-naah-ondoua-sylvestre-1.jpg?w=750&#038;ssl=1 750w, https:\/\/i2.wp.com\/ecomatin.net\/wp-content\/uploads\/2019\/10\/ecomatin.net-coulisses-ce-que-pensent-les-membres-des-commissions-du-dialogue-naah-ondoua-sylvestre-1.jpg?resize=300%2C200&#038;ssl=1 300w\" sizes=\"auto, (max-width: 238px) 100vw, 238px\" data-recalc-dims=\"1\"\/><\/p>\n<p><\/a><\/p>\n<p><em>\u00abTout le monde est d\u2019accord qu\u2019il faut aller vers une plus grande d\u00e9centralisation pour que les collectivit\u00e9s territoriales d\u00e9centralis\u00e9es puissent avoir une v\u00e9ritable autonomie (\u2026) en tenant compte du caract\u00e8re sp\u00e9cial des r\u00e9gions du Nord-ouest et du Sud-ouest en respect des termes de notre Constitution. \u00bb<\/em><\/p>\n<div class=\"about-author about-author-box container-wrapper\">\n<div class=\"author-avatar\">\n<p><img decoding=\"async\" src=\"http:\/\/\" alt=\"\"\/><\/p>\n<\/div>\n<p><h4>La R\u00e9daction EcoMatin<\/h4>\n<\/p>\n<\/div>\n<div class=\"awac-wrapper awac widget blog_subscription-2\">\n<h4 class=\"widget-title\">Abonnez-vous \u00e0 notre lettre d&rsquo;information<\/h4>\n<\/div>\n<p>Auteur: EcoMatin<br \/>\n<a href=\"https:\/\/ecomatin.net\/coulisses-ce-que-pensent-les-membres-des-commissions-du-dialogue\/\">Cliquez ici pour lire l&rsquo;article depuis sa source.<\/a><\/p>\n","protected":false},"excerpt":{"rendered":"<p>Cardinal Christian Tumi, Archbishop Emeritus of Douala \u00abWe talked about the release of prisoners related to the crisis, security and confident building measures, psychological assistance and support, and doing things that will enable refugees come back to the country and for the internally displaced persons to feel to go back to their homes. Arm should [&hellip;]<\/p>\n","protected":false},"author":1969,"featured_media":0,"comment_status":"closed","ping_status":"closed","sticky":false,"template":"","format":"standard","meta":{"fifu_image_url":"","fifu_image_alt":"","footnotes":""},"categories":[82,78],"tags":[],"class_list":["post-63363","post","type-post","status-publish","format-standard","hentry","category-cameroun","category-economie"],"_links":{"self":[{"href":"https:\/\/linitiative.ca\/International\/wp-json\/wp\/v2\/posts\/63363","targetHints":{"allow":["GET"]}}],"collection":[{"href":"https:\/\/linitiative.ca\/International\/wp-json\/wp\/v2\/posts"}],"about":[{"href":"https:\/\/linitiative.ca\/International\/wp-json\/wp\/v2\/types\/post"}],"author":[{"embeddable":true,"href":"https:\/\/linitiative.ca\/International\/wp-json\/wp\/v2\/users\/1969"}],"replies":[{"embeddable":true,"href":"https:\/\/linitiative.ca\/International\/wp-json\/wp\/v2\/comments?post=63363"}],"version-history":[{"count":0,"href":"https:\/\/linitiative.ca\/International\/wp-json\/wp\/v2\/posts\/63363\/revisions"}],"wp:attachment":[{"href":"https:\/\/linitiative.ca\/International\/wp-json\/wp\/v2\/media?parent=63363"}],"wp:term":[{"taxonomy":"category","embeddable":true,"href":"https:\/\/linitiative.ca\/International\/wp-json\/wp\/v2\/categories?post=63363"},{"taxonomy":"post_tag","embeddable":true,"href":"https:\/\/linitiative.ca\/International\/wp-json\/wp\/v2\/tags?post=63363"}],"curies":[{"name":"wp","href":"https:\/\/api.w.org\/{rel}","templated":true}]}}