{"id":63364,"date":"2019-10-04T07:30:49","date_gmt":"2019-10-04T11:30:49","guid":{"rendered":"https:\/\/linitiative.ca\/International\/fiscalite-le-secteur-prive-denonce-un-systeme-predateur-et-confiscatoire\/"},"modified":"2019-10-04T07:30:49","modified_gmt":"2019-10-04T11:30:49","slug":"fiscalite-le-secteur-prive-denonce-un-systeme-predateur-et-confiscatoire","status":"publish","type":"post","link":"https:\/\/linitiative.ca\/International\/fiscalite-le-secteur-prive-denonce-un-systeme-predateur-et-confiscatoire\/","title":{"rendered":"Fiscalit\u00e9  :le secteur priv\u00e9 d\u00e9nonce un syst\u00e8me pr\u00e9dateur et confiscatoire"},"content":{"rendered":"<p>Aux c\u00f4t\u00e9s des pr\u00e9sidents d\u2019<strong>Ecam<\/strong> et du <strong>Mecam<\/strong>, le patron des patrons du <strong>Gicam<\/strong> a tenu un langage de v\u00e9rit\u00e9 au ministre des Finances <strong>Louis Paul Motaze<\/strong>, venu assister \u00e0 la traditionnelle consultation pr\u00e9-budg\u00e9taire avec les acteurs \u00e9conomiques du Cameroun. C\u2019\u00e9tait le 27 septembre 2019 \u00e0 Douala. \u00ab<em>R\u00e9formettes<\/em>\u00bb. C\u2019est le qualificatif usit\u00e9 par <strong>C\u00e9lestin Tawamba<\/strong>, le pr\u00e9sident du Groupement interpatronal du Cameroun (<strong>Gicam<\/strong>), pour appr\u00e9cier le\u00a0 train de mesures pris par le gouvernement en r\u00e9ponse aux dol\u00e9ances formul\u00e9es par le secteur priv\u00e9 concernant la fiscalit\u00e9 int\u00e9rieure, la fiscalit\u00e9 de porte, ou encore globalement, l\u2019am\u00e9lioration du climat des affaires au Cameroun. Parlant au nom des patrons d\u2019entreprises du Cameroun, <strong>C\u00e9lestin Tawamba<\/strong> a marqu\u00e9 sa d\u00e9ception\u00a0 sur les propositions de r\u00e9formes fiscales du Gicam, la pr\u00e9paration de la loi de finances 2020, ainsi que sur les droits du contribuable. Pour le pr\u00e9sident du Gicam, <em>\u00ab\u2026.la revue de l\u2019\u00e9tat d\u2019avancement des propositions approuv\u00e9es de r\u00e9formes fiscales du Gicam montre un taux relatif d\u2019ex\u00e9cution sur nos propositions les plus importantes\u2026.l\u2019Etat a plus fait le tri dans nos propositions \u00e9rig\u00e9es en shopping list, plut\u00f4t que de proc\u00e9der \u00e0 un tri ax\u00e9 sur le double souci de soulager les entreprises et d\u2019\u00e9largir l\u2019assiette fiscale\u2026.Nos propositions ont ainsi \u00e9t\u00e9 d\u00e9voy\u00e9es et d\u00e9natur\u00e9es<\/em>\u00bb, a-t-il indiqu\u00e9 au Minfi, <strong>Louis Paul Motaze.<\/strong><\/p>\n<p>Pourtant, le secteur priv\u00e9 camerounais reconna\u00eet le bien-fond\u00e9 des actions bipartites men\u00e9es au sein du Comit\u00e9 permanent de concertation sur les questions fiscales et douani\u00e8res, ainsi que dans le Comit\u00e9 d\u2019appui \u00e0 l\u2019instruction des recours pr\u00e9alables. Toutefois, <strong>C\u00e9lestin Tawamba<\/strong> note deux probl\u00e8mes principaux auxquels sont confront\u00e9s les entreprises : d\u2019abord, \u00ab<em>les redressements fiscaux, dont les justifications restent \u00e0 d\u00e9montrer portant sur des montants tr\u00e8s importants au regard de leurs chiffres d\u2019affaires et de leurs marges b\u00e9n\u00e9ficiaires<\/em>\u00bb, ensuite, \u00ab<em>le d\u00e9lai insuffisant de deux mois imparti au Comit\u00e9 pour instruire les dossiers qui leur sont soumis<\/em>\u00bb.<\/p>\n<p>Sur la loi de finances 2020, le patronat porte \u00e9galement des r\u00e9serves: <em>\u00ab\u2026pour des raisons \u00e9videntes de transparence et d\u2019efficacit\u00e9, nous aurons aim\u00e9 que l\u2019avant-Projet de loi de finances nous soit pr\u00e9sent\u00e9<\/em>\u00bb, pense <strong>C\u00e9lestin Tawamba<\/strong>. Le patron des patrons s\u2019interroge sur \u00ab<em>le timing des r\u00e9flexions qui doivent \u00eatre men\u00e9es en amont de la lettre de cadrage budg\u00e9taire du pr\u00e9sident de la R\u00e9publique<\/em>\u00bb. Interrogation justifi\u00e9e car, seules les propositions sans incidence n\u00e9gative sur l\u2019assiette fiscale ou sur les taux d\u2019imposition ont \u00e9t\u00e9 examin\u00e9es, au motif que, d\u2019apr\u00e8s le pr\u00e9sident du <strong>Gicam<\/strong> que, \u00ab<em>le cadrage budg\u00e9taire avait d\u00e9j\u00e0 \u00e9t\u00e9 fix\u00e9<\/em>\u00bb. Cons\u00e9quences, pense-t-il derechef, \u00ab<em>en 2020, notre syst\u00e8me fiscal restera ce qu\u2019il est: pr\u00e9dateur, confiscatoire pour bon nombre de secteurs notamment, ceux \u00e0 faible marge, peu protecteurs des droits du contribuable, et en marge de toute logique \u00e9conomique\u2026.\u00bb.<\/em><\/p>\n<p>En pr\u00e9sence des pr\u00e9sidents des autres groupes patronaux actifs au Cameroun (<strong>Ecam, Mecam<\/strong>), <strong>C\u00e9lestin Tawamba<\/strong> a propos\u00e9 \u00e0 <strong>Louis Paul Motaze,<\/strong> la signature d\u2019un \u00ab<em>contrat de performance avec l\u2019Etat<\/em>\u00bb. Le patronat s\u2019engagerait, dans le cadre de ce contrat, dans le processus d\u2019\u00e9largissement de l\u2019assiette fiscale, avec pour finalit\u00e9 une augmentation de la masse des imp\u00f4ts et taxes pay\u00e9s.<\/p>\n<div class=\"about-author about-author-box container-wrapper\">\n<div class=\"author-avatar\">\n<p><img decoding=\"async\" src=\"http:\/\/\" alt=\"\"\/><\/p>\n<\/div>\n<p><h4>La R\u00e9daction EcoMatin<\/h4>\n<\/p>\n<\/div>\n<div class=\"awac-wrapper awac widget blog_subscription-2\">\n<h4 class=\"widget-title\">Abonnez-vous \u00e0 notre lettre d&rsquo;information<\/h4>\n<\/div>\n<p>Auteur: EcoMatin<br \/>\n<a href=\"https:\/\/ecomatin.net\/fiscalite-le-secteur-prive-denonce-un-systeme-predateur-et-confiscatoire\/\">Cliquez ici pour lire l&rsquo;article depuis sa source.<\/a><\/p>\n","protected":false},"excerpt":{"rendered":"<p>Aux c\u00f4t\u00e9s des pr\u00e9sidents d\u2019Ecam et du Mecam, le patron des patrons du Gicam a tenu un langage de v\u00e9rit\u00e9 au ministre des Finances Louis Paul Motaze, venu assister \u00e0 la traditionnelle consultation pr\u00e9-budg\u00e9taire avec les acteurs \u00e9conomiques du Cameroun. C\u2019\u00e9tait le 27 septembre 2019 \u00e0 Douala. \u00abR\u00e9formettes\u00bb. C\u2019est le qualificatif usit\u00e9 par C\u00e9lestin Tawamba, [&hellip;]<\/p>\n","protected":false},"author":1969,"featured_media":0,"comment_status":"closed","ping_status":"closed","sticky":false,"template":"","format":"standard","meta":{"fifu_image_url":"","fifu_image_alt":"","footnotes":""},"categories":[82,78],"tags":[],"class_list":["post-63364","post","type-post","status-publish","format-standard","hentry","category-cameroun","category-economie"],"_links":{"self":[{"href":"https:\/\/linitiative.ca\/International\/wp-json\/wp\/v2\/posts\/63364","targetHints":{"allow":["GET"]}}],"collection":[{"href":"https:\/\/linitiative.ca\/International\/wp-json\/wp\/v2\/posts"}],"about":[{"href":"https:\/\/linitiative.ca\/International\/wp-json\/wp\/v2\/types\/post"}],"author":[{"embeddable":true,"href":"https:\/\/linitiative.ca\/International\/wp-json\/wp\/v2\/users\/1969"}],"replies":[{"embeddable":true,"href":"https:\/\/linitiative.ca\/International\/wp-json\/wp\/v2\/comments?post=63364"}],"version-history":[{"count":0,"href":"https:\/\/linitiative.ca\/International\/wp-json\/wp\/v2\/posts\/63364\/revisions"}],"wp:attachment":[{"href":"https:\/\/linitiative.ca\/International\/wp-json\/wp\/v2\/media?parent=63364"}],"wp:term":[{"taxonomy":"category","embeddable":true,"href":"https:\/\/linitiative.ca\/International\/wp-json\/wp\/v2\/categories?post=63364"},{"taxonomy":"post_tag","embeddable":true,"href":"https:\/\/linitiative.ca\/International\/wp-json\/wp\/v2\/tags?post=63364"}],"curies":[{"name":"wp","href":"https:\/\/api.w.org\/{rel}","templated":true}]}}