{"id":63365,"date":"2019-10-04T07:43:09","date_gmt":"2019-10-04T11:43:09","guid":{"rendered":"https:\/\/linitiative.ca\/International\/fiscalite-66-reformes-du-gicam-prises-en-compte\/"},"modified":"2019-10-04T07:43:09","modified_gmt":"2019-10-04T11:43:09","slug":"fiscalite-66-reformes-du-gicam-prises-en-compte","status":"publish","type":"post","link":"https:\/\/linitiative.ca\/International\/fiscalite-66-reformes-du-gicam-prises-en-compte\/","title":{"rendered":"Fiscalit\u00e9 : 66 r\u00e9formes du Gicam prises en compte"},"content":{"rendered":"<div class=\"featured-area featured-area-inner\"><img loading=\"lazy\" decoding=\"async\" width=\"780\" height=\"405\" src=\"https:\/\/i0.wp.com\/ecomatin.net\/wp-content\/uploads\/2019\/10\/ecomatin.net-fiscalite-66-reformes-du-gicam-prises-en-compte-gicam-4.jpg?resize=780%2C405&#038;ssl=1&#038;is-pending-load=1\" class=\"attachment-jannah-image-post size-jannah-image-post wp-post-image jetpack-lazy-image\" alt=\"\" data-attachment-id=\"12222\" data-permalink=\"https:\/\/ecomatin.net\/fiscalite-66-reformes-du-gicam-prises-en-compte\/gicam-4\/\" data-orig-file=\"https:\/\/i0.wp.com\/ecomatin.net\/wp-content\/uploads\/2019\/10\/ecomatin.net-fiscalite-66-reformes-du-gicam-prises-en-compte-gicam-4.jpg?fit=1000%2C500&#038;ssl=1\" data-orig-size=\"1000,500\" data-comments-opened=\"0\" data-image-meta=\"{\"aperture\":\"0\",\"credit\":\"\",\"camera\":\"\",\"caption\":\"\",\"created_timestamp\":\"0\",\"copyright\":\"\",\"focal_length\":\"0\",\"iso\":\"0\",\"shutter_speed\":\"0\",\"title\":\"\",\"orientation\":\"0\"}\" data-image-title=\"GICAM-4\" data-image-description=\"\" data-medium-file=\"https:\/\/i0.wp.com\/ecomatin.net\/wp-content\/uploads\/2019\/10\/ecomatin.net-fiscalite-66-reformes-du-gicam-prises-en-compte-gicam-4.jpg?fit=300%2C150&#038;ssl=1\" data-large-file=\"https:\/\/i0.wp.com\/ecomatin.net\/wp-content\/uploads\/2019\/10\/ecomatin.net-fiscalite-66-reformes-du-gicam-prises-en-compte-gicam-4.jpg?fit=1000%2C500&#038;ssl=1\" srcset=\"data:image\/gif;base64,R0lGODlhAQABAIAAAAAAAP\/\/\/yH5BAEAAAAALAAAAAABAAEAAAIBRAA7\"\/><\/div>\n<div class=\"entry-content entry clearfix\" readability=\"68\">\n<p><strong>\u00a0<\/strong>C\u2019est d\u2019abord par un chiffre concret que <strong>Louis Paul Motaze<\/strong>, le ministre des Finances a voulu convaincre le secteur priv\u00e9, rassurer le <strong>Gicam<\/strong>, et prouver la bonne foi du gouvernement, en ce qui concerne la prise en compte des r\u00e9formes souhait\u00e9es par le patronat. Il s\u2019agit de \u00ab<strong><em>66 recommandations<\/em><\/strong> <em>relatives \u00e0 la fiscalit\u00e9 interne et de porte, jug\u00e9es pertinentes par les administrations des finances<\/em>\u00bb. Leur mise en \u0153uvre par la direction g\u00e9n\u00e9rale des Douanes affiche un taux de\u00a0 80%, et 60% pour la direction g\u00e9n\u00e9rale des Imp\u00f4ts. <strong>Louis Paul Motaze<\/strong> cite parmi ces r\u00e9formes engag\u00e9es, \u00ab<em>l\u2019assouplissement des conditions d\u2019\u00e9ligibilit\u00e9 au remboursement des cr\u00e9dits de <strong>Tva<\/strong>, la clarification des modalit\u00e9s de mise en \u0153uvre du r\u00e9gime des zones \u00e9conomiquement sinistr\u00e9es par deux d\u00e9crets du Premier ministre, la d\u00e9mat\u00e9rialisation de la d\u00e9claration statistique et fiscale des proc\u00e9dures de contr\u00f4le et contentieuses<\/em>\u00bb, concernant la fiscalit\u00e9 int\u00e9rieure. Quant \u00e0 la fiscalit\u00e9 de porte, le ministre des Finances rappelle \u00ab<em>la mise en place de la proc\u00e9dure dite de d\u00e9cision anticip\u00e9e, la prise en compte de l\u2019intention frauduleuse dans les sanctions aux infractions douani\u00e8res, des mesures fortes dans le cadre de la protection et la promotion de l\u2019industrie locale<\/em>\u00bb. Dans ce dernier cas, <strong>Louis Paul Motaze<\/strong> signe d\u00e9sormais semestriellement une d\u00e9cision fixant les valeurs minimales \u00e0 l\u2019importation de certains biens. Ainsi que les mati\u00e8res premi\u00e8res fabriqu\u00e9es localement sont totalement exclues des biens susceptibles de b\u00e9n\u00e9ficier d\u2019exon\u00e9ration de droits et taxes de douane \u00e0 l\u2019importation pour les personnes b\u00e9n\u00e9ficiant de r\u00e9gimes d\u2019incitation.<\/p>\n<p>Bouscul\u00e9 par les r\u00e9criminations des op\u00e9rateurs \u00e9conomiques, le <strong>Minfi<\/strong> partage n\u00e9anmoins \u00ab<em>le sentiment tr\u00e8s mitig\u00e9 \u00e0 l\u2019ex\u00e9cution des engagements pris\u2026\u00bb.<\/em> Le membre du gouvernement justifie la non-ex\u00e9cution ou les modifications apport\u00e9es dans certaines recommandations: d\u2019abord, \u00ab<em>le principe d\u2019une mise en \u0153uvre progressive, un diff\u00e9r\u00e9 pour certaines mesures susceptibles d\u2019avoir une incidence sensible sur le programme \u00e9conomique et financier conclu par le gouvernement avec ses partenaires internationaux (r\u00e9vision des taux\u00a0 acomptes et de minima d\u2019imp\u00f4t sur les soci\u00e9t\u00e9s, champ des droits d\u2019accises et de la Tva)<\/em>\u00bb. Ensuite, explique <strong>Louis Paul Motaze<\/strong>, \u00ab<em>certaines mesures jug\u00e9es pertinentes par le minist\u00e8re des Finances, ont connu des orientations ou des interrogations ayant justifi\u00e9 leur modification ou leur mise en veille<\/em>\u00bb. On note par ailleurs, la difficult\u00e9 de mise en \u0153uvre de certaines r\u00e9formes (Attestation de non-redevance, d\u00e9livrance du sursis de paiement, conditions d\u2019op\u00e9rationnalisation du contentieux fiscal). Enfin, d\u2019apr\u00e8s le Minfi, \u00ab<em>d\u2019autres r\u00e9formes n\u00e9cessitent des travaux compl\u00e9mentaires et denses qui demandent un peu plus de temps, et ne pouvaient pas \u00eatre ex\u00e9cut\u00e9es \u00e0 date, comme la r\u00e9vision des seuils d\u2019imposition \u00e0 la TVA ou de la Loi d\u2019avril 2013 sur les incitations<\/em>\u00bb.<\/p>\n<div class=\"about-author about-author-box container-wrapper\">\n<div class=\"author-avatar\">\n<p><img decoding=\"async\" src=\"http:\/\/\" alt=\"\"\/><\/p>\n<\/div>\n<p><h4>La R\u00e9daction EcoMatin<\/h4>\n<\/p>\n<\/div>\n<div class=\"awac-wrapper awac widget blog_subscription-2\">\n<h4 class=\"widget-title\">Abonnez-vous \u00e0 notre lettre d&rsquo;information<\/h4>\n<\/div>\n<\/div>\n<div class=\"toggle-post-content clearfix\"><a id=\"toggle-post-button\" class=\"button\" href=\"#\">Afficher plus <\/a><\/div>\n<p>Auteur: EcoMatin<br \/>\n<a href=\"https:\/\/ecomatin.net\/fiscalite-66-reformes-du-gicam-prises-en-compte\/\">Cliquez ici pour lire l&rsquo;article depuis sa source.<\/a><\/p>\n","protected":false},"excerpt":{"rendered":"<p>\u00a0C\u2019est d\u2019abord par un chiffre concret que Louis Paul Motaze, le ministre des Finances a voulu convaincre le secteur priv\u00e9, rassurer le Gicam, et prouver la bonne foi du gouvernement, en ce qui concerne la prise en compte des r\u00e9formes souhait\u00e9es par le patronat. Il s\u2019agit de \u00ab66 recommandations relatives \u00e0 la fiscalit\u00e9 interne et [&hellip;]<\/p>\n","protected":false},"author":1969,"featured_media":0,"comment_status":"closed","ping_status":"closed","sticky":false,"template":"","format":"standard","meta":{"fifu_image_url":"","fifu_image_alt":"","footnotes":""},"categories":[82,78],"tags":[],"class_list":["post-63365","post","type-post","status-publish","format-standard","hentry","category-cameroun","category-economie"],"_links":{"self":[{"href":"https:\/\/linitiative.ca\/International\/wp-json\/wp\/v2\/posts\/63365","targetHints":{"allow":["GET"]}}],"collection":[{"href":"https:\/\/linitiative.ca\/International\/wp-json\/wp\/v2\/posts"}],"about":[{"href":"https:\/\/linitiative.ca\/International\/wp-json\/wp\/v2\/types\/post"}],"author":[{"embeddable":true,"href":"https:\/\/linitiative.ca\/International\/wp-json\/wp\/v2\/users\/1969"}],"replies":[{"embeddable":true,"href":"https:\/\/linitiative.ca\/International\/wp-json\/wp\/v2\/comments?post=63365"}],"version-history":[{"count":0,"href":"https:\/\/linitiative.ca\/International\/wp-json\/wp\/v2\/posts\/63365\/revisions"}],"wp:attachment":[{"href":"https:\/\/linitiative.ca\/International\/wp-json\/wp\/v2\/media?parent=63365"}],"wp:term":[{"taxonomy":"category","embeddable":true,"href":"https:\/\/linitiative.ca\/International\/wp-json\/wp\/v2\/categories?post=63365"},{"taxonomy":"post_tag","embeddable":true,"href":"https:\/\/linitiative.ca\/International\/wp-json\/wp\/v2\/tags?post=63365"}],"curies":[{"name":"wp","href":"https:\/\/api.w.org\/{rel}","templated":true}]}}