{"id":63366,"date":"2019-10-04T07:52:08","date_gmt":"2019-10-04T11:52:08","guid":{"rendered":"https:\/\/linitiative.ca\/International\/depenses-fiscales-louis-paul-motaze-contre-levasion-des-produits-subventionnes\/"},"modified":"2019-10-04T07:52:08","modified_gmt":"2019-10-04T11:52:08","slug":"depenses-fiscales-louis-paul-motaze-contre-levasion-des-produits-subventionnes","status":"publish","type":"post","link":"https:\/\/linitiative.ca\/International\/depenses-fiscales-louis-paul-motaze-contre-levasion-des-produits-subventionnes\/","title":{"rendered":"D\u00e9penses fiscales : Louis Paul Motaze contre l\u2019\u00e9vasion des produits subventionn\u00e9s"},"content":{"rendered":"<p>Conform\u00e9ment \u00e0 l\u2019article 32 du d\u00e9cret pr\u00e9sidentiel n\u00b0281 du 31 mai 2019 fixant le calendrier budg\u00e9taire de l\u2019Etat du Cameroun rendant \u00ab<em>obligatoires<\/em>\u00bb les consultations des acteurs \u00e9conomiques, le ministre des Finances<strong>, Louis Paul Motaze<\/strong> a partag\u00e9 avec les groupes patronaux, op\u00e9rateurs \u00e9conomiques et financiers, l\u2019\u00e9valuation de la mise en \u0153uvre des r\u00e9formes fiscales et douani\u00e8res propos\u00e9es par le Groupement inter patronal du Cameroun, des r\u00e9formes mises en \u0153uvre au cours de l\u2019ann\u00e9e 2019, ainsi que les perspectives au titre des propositions formul\u00e9es par le Minfi dans la pr\u00e9paration du projet de loi de finances pour l\u2019exercice 2020.<\/p>\n<p>Autre point \u00e9voqu\u00e9 par le Minfi lors de sa rencontre avec le secteur priv\u00e9, les d\u00e9penses fiscales. D\u00e9penses qui constituent, d\u2019apr\u00e8s le Minfi, \u00ab<em>des exon\u00e9rations et facilit\u00e9s consenties par l\u2019Etat\u2026<\/em>\u00bb. <strong>Louis Paul Motaze<\/strong> condamne le d\u00e9tournement de certains biens subventionn\u00e9s par le gouvernement au profit d\u2019autres int\u00e9r\u00eats : \u00ab<em>si certaines exon\u00e9rations se justifient et atteignent leurs objectifs, d\u2019autres par contre m\u00e9ritent qu\u2019ensemble, nous les questionnons, quand nous nous rendons compte qu\u2019\u00e0 l\u2019arriv\u00e9e, nous subventionnons les produits qui entrent pour prendre la route d\u2019autres pays. Nous subventionnons les intrants, les produits, les services et prestations qui ne profitent pas \u00e0 l\u2019\u00e9conomie camerounaise<\/em>\u00bb, a-t-il indiqu\u00e9. Qualifiant la pratique de \u00ab<em>paradoxe fiscal camerounais d\u00e9coulant essentiellement de probl\u00e9matique des d\u00e9penses fiscales<\/em>\u00bb. Autre paradoxe relev\u00e9 s\u00e9ance tenante, la pression fiscale jug\u00e9e forte par les entreprises, et \u00e0 contrario, faible pourcentage par les \u00e9conomistes et les financiers (en dessous de 20% du PIB, soit 14%): \u00ab<em>l\u2019Etat doit fonctionner malgr\u00e9 tout<\/em>\u00bb, a pr\u00e9cis\u00e9, avec autorit\u00e9, le ministre.<\/p>\n<p>Tout compte fait, les d\u00e9penses fiscales repr\u00e9sentent en moyenne <strong>600 milliards de FCFA<\/strong> par an. En 2017 par exemple, elles ont repr\u00e9sent\u00e9 <strong>605,6 milliards de FCFA<\/strong>, soit <strong>276,7 milliards<\/strong> en fiscalit\u00e9 de porte et <strong>328,9 milliards<\/strong> en fiscalit\u00e9 int\u00e9rieure. Dans les d\u00e9tails, les d\u00e9penses fiscales co\u00fbtent ainsi \u00e0 l\u2019Etat <strong>55 milliards de FCFA<\/strong> pour le secteur de l\u2019agriculture, <strong>212 milliards de FCFA<\/strong> pour les produits p\u00e9troliers, et <strong>211 milliards de FCFA<\/strong> destin\u00e9s aux produits alimentaires, dont <strong>71 milliards de FCFA<\/strong> pour le riz<strong>, 43 milliards de FCFA<\/strong> pour le poisson, <strong>19 milliards<\/strong> pour la farine, entre autres.<\/p>\n<div class=\"about-author about-author-box container-wrapper\">\n<div class=\"author-avatar\">\n<p><img decoding=\"async\" src=\"http:\/\/\" alt=\"\"\/><\/p>\n<\/div>\n<p><h4>La R\u00e9daction EcoMatin<\/h4>\n<\/p>\n<\/div>\n<div class=\"awac-wrapper awac widget blog_subscription-2\">\n<h4 class=\"widget-title\">Abonnez-vous \u00e0 notre lettre d&rsquo;information<\/h4>\n<\/div>\n<p>Auteur: EcoMatin<br \/>\n<a href=\"https:\/\/ecomatin.net\/depenses-fiscales-louis-paul-motaze-contre-levasion-des-produits-subventionnes\/\">Cliquez ici pour lire l&rsquo;article depuis sa source.<\/a><\/p>\n","protected":false},"excerpt":{"rendered":"<p>Conform\u00e9ment \u00e0 l\u2019article 32 du d\u00e9cret pr\u00e9sidentiel n\u00b0281 du 31 mai 2019 fixant le calendrier budg\u00e9taire de l\u2019Etat du Cameroun rendant \u00abobligatoires\u00bb les consultations des acteurs \u00e9conomiques, le ministre des Finances, Louis Paul Motaze a partag\u00e9 avec les groupes patronaux, op\u00e9rateurs \u00e9conomiques et financiers, l\u2019\u00e9valuation de la mise en \u0153uvre des r\u00e9formes fiscales et douani\u00e8res [&hellip;]<\/p>\n","protected":false},"author":1969,"featured_media":0,"comment_status":"closed","ping_status":"closed","sticky":false,"template":"","format":"standard","meta":{"fifu_image_url":"","fifu_image_alt":"","footnotes":""},"categories":[82,78],"tags":[],"class_list":["post-63366","post","type-post","status-publish","format-standard","hentry","category-cameroun","category-economie"],"_links":{"self":[{"href":"https:\/\/linitiative.ca\/International\/wp-json\/wp\/v2\/posts\/63366","targetHints":{"allow":["GET"]}}],"collection":[{"href":"https:\/\/linitiative.ca\/International\/wp-json\/wp\/v2\/posts"}],"about":[{"href":"https:\/\/linitiative.ca\/International\/wp-json\/wp\/v2\/types\/post"}],"author":[{"embeddable":true,"href":"https:\/\/linitiative.ca\/International\/wp-json\/wp\/v2\/users\/1969"}],"replies":[{"embeddable":true,"href":"https:\/\/linitiative.ca\/International\/wp-json\/wp\/v2\/comments?post=63366"}],"version-history":[{"count":0,"href":"https:\/\/linitiative.ca\/International\/wp-json\/wp\/v2\/posts\/63366\/revisions"}],"wp:attachment":[{"href":"https:\/\/linitiative.ca\/International\/wp-json\/wp\/v2\/media?parent=63366"}],"wp:term":[{"taxonomy":"category","embeddable":true,"href":"https:\/\/linitiative.ca\/International\/wp-json\/wp\/v2\/categories?post=63366"},{"taxonomy":"post_tag","embeddable":true,"href":"https:\/\/linitiative.ca\/International\/wp-json\/wp\/v2\/tags?post=63366"}],"curies":[{"name":"wp","href":"https:\/\/api.w.org\/{rel}","templated":true}]}}