{"id":63369,"date":"2019-10-05T04:06:32","date_gmt":"2019-10-05T08:06:32","guid":{"rendered":"https:\/\/linitiative.ca\/International\/lettres-du-maghreb-a-oujda-le-cameroun-invite-dhonneur-de-la-3eme-edition\/"},"modified":"2019-10-05T04:06:32","modified_gmt":"2019-10-05T08:06:32","slug":"lettres-du-maghreb-a-oujda-le-cameroun-invite-dhonneur-de-la-3eme-edition","status":"publish","type":"post","link":"https:\/\/linitiative.ca\/International\/lettres-du-maghreb-a-oujda-le-cameroun-invite-dhonneur-de-la-3eme-edition\/","title":{"rendered":"\u00abLettres du Maghreb\u00bb \u00e0 Oujda : Le Cameroun invit\u00e9  d\u2019honneur de la  3\u00e8me \u00e9dition"},"content":{"rendered":"<header>\n<\/header>\n<div class=\"entry-content clearfix\" readability=\"53\"><img decoding=\"async\" class=\"post_layout_5_img\" src=\"http:\/\/aujourdhui.ma\/wp-content\/uploads\/2019\/09\/Oujda-Salon-maghre%CC%81bin-du-livre-Lettres-du-Maghreb.jpg?x29840\" alt=\"\u00abLettres du Maghreb\u00bb \u00e0 Oujda : Le Cameroun invit\u00e9 d\u2019honneur de la 3\u00e8me \u00e9dition\"\/><\/p>\n<p class=\"p1\"><span class=\"s1\"><span class=\"c4\"><strong>La ville d\u2019Oujda accueillera, du 9 au 13 octobre prochain, la 3\u00e8me \u00e9dition du Salon maghr\u00e9bin du livre \u00abLettres du Maghreb\u00bb, qui se d\u00e9roulera cette ann\u00e9e sous le th\u00e8me de la \u00abTransmission\u00bb.<\/strong><\/span><\/span> <span id=\"more-318917\"\/><\/p>\n<p class=\"p1\"><span class=\"s1\">\u00c0 travers cet \u00e9v\u00e8nement, organis\u00e9 par l\u2019Agence de l\u2019Oriental sous le Haut patronage de SM le Roi Mohammed VI, la r\u00e9gion de l\u2019Oriental aspire \u00e0 instaurer une dynamique positive dans le secteur du livre, de l\u2019\u00e9dition et de la lecture, indiquent les organisateurs dans un document. Cette \u00e9dition accueillera pr\u00e8s de 300 auteurs, \u00e9diteurs, acad\u00e9miciens et lecteurs d\u2019horizons diff\u00e9rents, affirme-t-on, ajoutant que, fid\u00e8le \u00e0 sa tradition, le salon mettra \u00e0 l\u2019honneur l\u2019Afrique, en l\u2019occurrence le Cameroun cette ann\u00e9e.<\/span><\/p>\n<\/div>\n<p>Auteur: ALM<br \/>\n<a href=\"http:\/\/aujourdhui.ma\/culture\/lettres-du-maghreb-a-oujda-le-cameroun-invite-dhonneur-de-la-3eme-edition\">Cliquez ici pour lire l&rsquo;article depuis sa source.<\/a><\/p>\n","protected":false},"excerpt":{"rendered":"<p>La ville d\u2019Oujda accueillera, du 9 au 13 octobre prochain, la 3\u00e8me \u00e9dition du Salon maghr\u00e9bin du livre \u00abLettres du Maghreb\u00bb, qui se d\u00e9roulera cette ann\u00e9e sous le th\u00e8me de la \u00abTransmission\u00bb. \u00c0 travers cet \u00e9v\u00e8nement, organis\u00e9 par l\u2019Agence de l\u2019Oriental sous le Haut patronage de SM le Roi Mohammed VI, la r\u00e9gion de l\u2019Oriental [&hellip;]<\/p>\n","protected":false},"author":1759,"featured_media":0,"comment_status":"closed","ping_status":"closed","sticky":false,"template":"","format":"standard","meta":{"fifu_image_url":"","fifu_image_alt":"","footnotes":""},"categories":[73,54],"tags":[],"class_list":["post-63369","post","type-post","status-publish","format-standard","hentry","category-actualite","category-maroc"],"_links":{"self":[{"href":"https:\/\/linitiative.ca\/International\/wp-json\/wp\/v2\/posts\/63369","targetHints":{"allow":["GET"]}}],"collection":[{"href":"https:\/\/linitiative.ca\/International\/wp-json\/wp\/v2\/posts"}],"about":[{"href":"https:\/\/linitiative.ca\/International\/wp-json\/wp\/v2\/types\/post"}],"author":[{"embeddable":true,"href":"https:\/\/linitiative.ca\/International\/wp-json\/wp\/v2\/users\/1759"}],"replies":[{"embeddable":true,"href":"https:\/\/linitiative.ca\/International\/wp-json\/wp\/v2\/comments?post=63369"}],"version-history":[{"count":0,"href":"https:\/\/linitiative.ca\/International\/wp-json\/wp\/v2\/posts\/63369\/revisions"}],"wp:attachment":[{"href":"https:\/\/linitiative.ca\/International\/wp-json\/wp\/v2\/media?parent=63369"}],"wp:term":[{"taxonomy":"category","embeddable":true,"href":"https:\/\/linitiative.ca\/International\/wp-json\/wp\/v2\/categories?post=63369"},{"taxonomy":"post_tag","embeddable":true,"href":"https:\/\/linitiative.ca\/International\/wp-json\/wp\/v2\/tags?post=63369"}],"curies":[{"name":"wp","href":"https:\/\/api.w.org\/{rel}","templated":true}]}}