{"id":63370,"date":"2019-10-05T04:07:15","date_gmt":"2019-10-05T08:07:15","guid":{"rendered":"https:\/\/linitiative.ca\/International\/imintanout-2-ans-de-prison-ferme-pour-un-faux-avocat\/"},"modified":"2019-10-05T04:07:15","modified_gmt":"2019-10-05T08:07:15","slug":"imintanout-2-ans-de-prison-ferme-pour-un-faux-avocat","status":"publish","type":"post","link":"https:\/\/linitiative.ca\/International\/imintanout-2-ans-de-prison-ferme-pour-un-faux-avocat\/","title":{"rendered":"Imintanout : 2 ans de prison ferme  pour un faux avocat"},"content":{"rendered":"<header>\n<\/header>\n<div class=\"entry-content clearfix\" readability=\"45\"><img decoding=\"async\" class=\"post_layout_5_img\" src=\"http:\/\/aujourdhui.ma\/wp-content\/uploads\/2019\/10\/Arrestation-avocat-prison.jpg?x29840\" alt=\"Imintanout : 2 ans de prison ferme pour un faux avocat\"\/><\/p>\n<p class=\"p1\"><span class=\"c4\"><strong><span class=\"s1\">Deux ans de prison ferme assortie d\u2019une amende de cinq mille dirhams. Tel a \u00e9t\u00e9 le verdict rendu, derni\u00e8rement, par la chambre correctionnelle pr\u00e8s le tribunal de premi\u00e8re instance d\u2019Imintanout, contre un homme qui se faisait passer pour un avocat.<\/span><\/strong><\/span><span id=\"more-319237\"\/><\/p>\n<p class=\"p1\"><span class=\"s1\">Parce qu\u2019il avait travaill\u00e9 durant une longue p\u00e9riode dans un cabinet d\u2019avocat \u00e0 Marrakech, ce jeune homme a profit\u00e9, apr\u00e8s son licenciement, de sa connaissance des proc\u00e9dures juridiques pour arnaquer plusieurs personnes. Il proposait ses services aux justiciables qu\u2019il croisait dans les halls des tribunaux contre des honoraires qu\u2019il empochait comme acompte avant de dispara\u00eetre. Une plainte port\u00e9e par l\u2019une de ses victimes aupr\u00e8s de la brigade provinciale relevant de la police judiciaire \u00e0 Chichaoua \u00e9tait suffisante pour qu\u2019une enqu\u00eate soit diligent\u00e9e et sold\u00e9e par l\u2019arrestation de cet escroc.<\/span><\/p>\n<\/div>\n<p>Auteur: Abderrafii ALOUMLIKI<br \/>\n<a href=\"http:\/\/aujourdhui.ma\/faits-divers\/imintanout-2-ans-de-prison-ferme-pour-un-faux-avocat\">Cliquez ici pour lire l&rsquo;article depuis sa source.<\/a><\/p>\n","protected":false},"excerpt":{"rendered":"<p>Deux ans de prison ferme assortie d\u2019une amende de cinq mille dirhams. Tel a \u00e9t\u00e9 le verdict rendu, derni\u00e8rement, par la chambre correctionnelle pr\u00e8s le tribunal de premi\u00e8re instance d\u2019Imintanout, contre un homme qui se faisait passer pour un avocat. Parce qu\u2019il avait travaill\u00e9 durant une longue p\u00e9riode dans un cabinet d\u2019avocat \u00e0 Marrakech, ce [&hellip;]<\/p>\n","protected":false},"author":1759,"featured_media":0,"comment_status":"closed","ping_status":"closed","sticky":false,"template":"","format":"standard","meta":{"fifu_image_url":"","fifu_image_alt":"","footnotes":""},"categories":[73,54],"tags":[],"class_list":["post-63370","post","type-post","status-publish","format-standard","hentry","category-actualite","category-maroc"],"_links":{"self":[{"href":"https:\/\/linitiative.ca\/International\/wp-json\/wp\/v2\/posts\/63370","targetHints":{"allow":["GET"]}}],"collection":[{"href":"https:\/\/linitiative.ca\/International\/wp-json\/wp\/v2\/posts"}],"about":[{"href":"https:\/\/linitiative.ca\/International\/wp-json\/wp\/v2\/types\/post"}],"author":[{"embeddable":true,"href":"https:\/\/linitiative.ca\/International\/wp-json\/wp\/v2\/users\/1759"}],"replies":[{"embeddable":true,"href":"https:\/\/linitiative.ca\/International\/wp-json\/wp\/v2\/comments?post=63370"}],"version-history":[{"count":0,"href":"https:\/\/linitiative.ca\/International\/wp-json\/wp\/v2\/posts\/63370\/revisions"}],"wp:attachment":[{"href":"https:\/\/linitiative.ca\/International\/wp-json\/wp\/v2\/media?parent=63370"}],"wp:term":[{"taxonomy":"category","embeddable":true,"href":"https:\/\/linitiative.ca\/International\/wp-json\/wp\/v2\/categories?post=63370"},{"taxonomy":"post_tag","embeddable":true,"href":"https:\/\/linitiative.ca\/International\/wp-json\/wp\/v2\/tags?post=63370"}],"curies":[{"name":"wp","href":"https:\/\/api.w.org\/{rel}","templated":true}]}}