{"id":63371,"date":"2019-10-05T04:08:56","date_gmt":"2019-10-05T08:08:56","guid":{"rendered":"https:\/\/linitiative.ca\/International\/retraite-et-couverture-medicale-les-seniors-sont-les-moins-couverts\/"},"modified":"2019-10-05T04:08:56","modified_gmt":"2019-10-05T08:08:56","slug":"retraite-et-couverture-medicale-les-seniors-sont-les-moins-couverts","status":"publish","type":"post","link":"https:\/\/linitiative.ca\/International\/retraite-et-couverture-medicale-les-seniors-sont-les-moins-couverts\/","title":{"rendered":"Retraite et couverture m\u00e9dicale :  Les seniors sont les moins couverts"},"content":{"rendered":"<p><img decoding=\"async\" class=\"post_layout_5_img\" src=\"http:\/\/aujourdhui.ma\/wp-content\/uploads\/2018\/08\/Retraite.jpg?x29840\" alt=\"Retraite et couverture m\u00e9dicale : Les seniors sont les moins couverts\"\/><\/p>\n<p class=\"p1\"><span class=\"s1 c4\"><strong>Le Maroc a c\u00e9l\u00e9br\u00e9 le 1er octobre la journ\u00e9e mondiale des personnes \u00e2g\u00e9es<\/strong><\/span><span id=\"more-319217\"\/><\/p>\n<p class=\"p1\"><span class=\"s1\">Le Maroc a c\u00e9l\u00e9br\u00e9 le 1er octobre la journ\u00e9e mondiale des personnes \u00e2g\u00e9es. Cette ann\u00e9e, l\u2019accent a \u00e9t\u00e9 mis sur les in\u00e9galit\u00e9s entre les tranches d\u2019\u00e2ge. Au Maroc, l\u2019accroissement de la proportion des personnes \u00e2g\u00e9es de 60 ans et plus s\u2019effectue de mani\u00e8re constante et continue.<span class=\"Apple-converted-space\">\u00a0<\/span> Un constat qui s\u2019explique par l\u2019allongement de la dur\u00e9e de vie (de 47 ans en 1962 \u00e0 74,8 ans en 2014) et la baisse de la f\u00e9condit\u00e9 (2,2 enfants par femme). Le syst\u00e8me de protection sociale actuel ne couvre qu\u2019une part tr\u00e8s limit\u00e9e des personnes \u00e2g\u00e9es. Seulement 20% des personnes \u00e2g\u00e9es de plus de 60 ans b\u00e9n\u00e9ficiaient en 2017 d\u2019une pension de retraite, ce qui repr\u00e9sente<span class=\"Apple-converted-space\">\u00a0<\/span> 700.000 personnes pour une population de 3,5 millions d\u2019individus.<\/span><\/p>\n<p class=\"p1\"><span class=\"s1\">Ils seraient ainsi plus de 2,8 millions de personnes \u00e2g\u00e9es de plus de 60 ans \u00e0 vivre sans pension de retraite. Sur le plan m\u00e9dical, il reste encore beaucoup \u00e0 faire. La plupart des personnes \u00e2g\u00e9es n\u2019ont pas de couverture m\u00e9dicale. En effet, la couverture sociale et m\u00e9dicale ne b\u00e9n\u00e9ficie qu\u2019\u00e0 1\/5 des personnes \u00e2g\u00e9es.<span class=\"Apple-converted-space\">\u00a0<\/span> Et par cons\u00e9quent beaucoup de malades n\u2019acc\u00e8dent pas aux soins de sant\u00e9. Il faut aussi noter que cette tranche de la soci\u00e9t\u00e9 est fortement expos\u00e9e aux maladies chroniques (53,3% des hommes et 66,6% des femmes). Selon les derniers chiffres communiqu\u00e9s par le d\u00e9partement de Bassima Hakkaoui \u00e0 l\u2019occasion du lancement de la 5\u00e8me campagne nationale pour les personnes \u00e2g\u00e9es, 64,4% des personnes \u00e2g\u00e9es sont atteintes d\u2019au moins une seule maladie incurable, 20% sont atteintes de diab\u00e8te et 34% d\u2019hypertension art\u00e9rielle. Par ailleurs, il faut signaler que le<span class=\"Apple-converted-space\">\u00a0<\/span> vieillissement de la population<span class=\"Apple-converted-space\">\u00a0<\/span> n\u2019est pas sans cons\u00e9quences. Il aura de graves r\u00e9percussions sur les r\u00e9gimes de retraite.<\/span><\/p>\n<p class=\"p1\"><span class=\"s1\">La progression du poids relatif des personnes \u00e2g\u00e9es et l\u2019\u00e9largissement de la couverture sociale aux salari\u00e9s non couverts risquent de se traduire par une pression sur les r\u00e9gimes de retraite en place. Comme l\u2019avait signal\u00e9 le pr\u00e9sident du Conseil \u00e9conomique, social et environnemental (CESE), Ahmed Reda Chami, cette \u00e9volution va impacter n\u00e9gativement la viabilit\u00e9 du syst\u00e8me de la protection sociale, en particulier les Caisses de retraites ainsi que la couverture m\u00e9dicale.<span class=\"Apple-converted-space\">\u00a0<\/span> D\u2019o\u00f9 l\u2019int\u00e9r\u00eat de veiller<span class=\"Apple-converted-space\">\u00a0<\/span> \u00e0 pr\u00e9server la viabilit\u00e9 financi\u00e8re des r\u00e9gimes de protection sociale et de s\u2019interroger sur les r\u00e9formes de leur financement et de leur fonctionnement.<span class=\"Apple-converted-space\">\u00a0<\/span> Rappelons que les personnes de plus de 60 ans constituent aujourd\u2019hui 9,6% de la population du Maroc, soit 3,2 millions. Selon les projections d\u00e9mographiques du HCP, cette part devrait se situer \u00e0 23,2% en 2050, avec un effectif de 10,1 millions de personnes .Le<span class=\"Apple-converted-space\">\u00a0<\/span> vieillissement sera beaucoup plus urbain que rural puisque la part des personnes \u00e2g\u00e9es dans la population urbaine atteindra 23,8% en 2050 (9,2%<span class=\"Apple-converted-space\">\u00a0<\/span> en 2014) contre 21,4% en milieu rural (9,6% en 2014).<\/span><\/p>\n<p>Auteur: ALM<br \/>\n<a href=\"http:\/\/aujourdhui.ma\/societe\/retraite-et-couverture-medicale-les-seniors-sont-les-moins-couverts\">Cliquez ici pour lire l&rsquo;article depuis sa source.<\/a><\/p>\n","protected":false},"excerpt":{"rendered":"<p>Le Maroc a c\u00e9l\u00e9br\u00e9 le 1er octobre la journ\u00e9e mondiale des personnes \u00e2g\u00e9es Le Maroc a c\u00e9l\u00e9br\u00e9 le 1er octobre la journ\u00e9e mondiale des personnes \u00e2g\u00e9es. Cette ann\u00e9e, l\u2019accent a \u00e9t\u00e9 mis sur les in\u00e9galit\u00e9s entre les tranches d\u2019\u00e2ge. Au Maroc, l\u2019accroissement de la proportion des personnes \u00e2g\u00e9es de 60 ans et plus s\u2019effectue de [&hellip;]<\/p>\n","protected":false},"author":1759,"featured_media":0,"comment_status":"closed","ping_status":"closed","sticky":false,"template":"","format":"standard","meta":{"fifu_image_url":"","fifu_image_alt":"","footnotes":""},"categories":[73,54],"tags":[],"class_list":["post-63371","post","type-post","status-publish","format-standard","hentry","category-actualite","category-maroc"],"_links":{"self":[{"href":"https:\/\/linitiative.ca\/International\/wp-json\/wp\/v2\/posts\/63371","targetHints":{"allow":["GET"]}}],"collection":[{"href":"https:\/\/linitiative.ca\/International\/wp-json\/wp\/v2\/posts"}],"about":[{"href":"https:\/\/linitiative.ca\/International\/wp-json\/wp\/v2\/types\/post"}],"author":[{"embeddable":true,"href":"https:\/\/linitiative.ca\/International\/wp-json\/wp\/v2\/users\/1759"}],"replies":[{"embeddable":true,"href":"https:\/\/linitiative.ca\/International\/wp-json\/wp\/v2\/comments?post=63371"}],"version-history":[{"count":0,"href":"https:\/\/linitiative.ca\/International\/wp-json\/wp\/v2\/posts\/63371\/revisions"}],"wp:attachment":[{"href":"https:\/\/linitiative.ca\/International\/wp-json\/wp\/v2\/media?parent=63371"}],"wp:term":[{"taxonomy":"category","embeddable":true,"href":"https:\/\/linitiative.ca\/International\/wp-json\/wp\/v2\/categories?post=63371"},{"taxonomy":"post_tag","embeddable":true,"href":"https:\/\/linitiative.ca\/International\/wp-json\/wp\/v2\/tags?post=63371"}],"curies":[{"name":"wp","href":"https:\/\/api.w.org\/{rel}","templated":true}]}}