{"id":63372,"date":"2019-10-05T10:46:49","date_gmt":"2019-10-05T14:46:49","guid":{"rendered":"https:\/\/linitiative.ca\/International\/presidentielle-2eme-tour-kais-saied-ne-fera-pas-de-campagne-electorale\/"},"modified":"2019-10-05T10:46:49","modified_gmt":"2019-10-05T14:46:49","slug":"presidentielle-2eme-tour-kais-saied-ne-fera-pas-de-campagne-electorale","status":"publish","type":"post","link":"https:\/\/linitiative.ca\/International\/presidentielle-2eme-tour-kais-saied-ne-fera-pas-de-campagne-electorale\/","title":{"rendered":"Pr\u00e9sidentielle- 2\u00e8me tour :  Ka\u00efs Sa\u00efed ne fera pas de campagne \u00e9lectorale"},"content":{"rendered":"<p>Le candidat pour le deuxi\u00e8me tour de l\u2019\u00e9lection pr\u00e9sidentielle Ka\u00efs Sa\u00efed a d\u00e9cid\u00e9 de ne pas faire campagne.<\/p>\n<p>\u00ab Pour des consid\u00e9rations morales et soucieux d\u2019\u00e9viter tout \u00e9quivoque concernant l\u2019\u00e9galit\u00e9 des chances entre les candidats \u00bb, Ka\u00efs Sa\u00efed a d\u00e9clar\u00e9 samedi qu\u2019il ne fera pas \u00ab personnellement campagne et ce en d\u00e9pit de sa profonde conviction que l\u2019\u00e9galit\u00e9 des chances devrait \u00eatre plut\u00f4t appr\u00e9hend\u00e9e par rapport aux moyens dont dispose, effectivement, chaque candidat.<\/p>\n<p>Et d\u2019ajouter \u00bb ces moyens \u00e9taient en r\u00e9alit\u00e9 d\u00e9mesur\u00e9ment in\u00e9gaux \u00bb.<\/p>\n<p>Tout en r\u00e9affirmant sa d\u00e9termination \u00e0 assurer, pleinement, ses responsabilit\u00e9s et honorer ses engagements, Ka\u00efs Sa\u00efed a r\u00e9it\u00e9r\u00e9 son appel \u00e0 la vigilance face, a-t-il dit, aux tentatives d\u00e9sesp\u00e9r\u00e9es de d\u00e9stabilisation du processus \u00e9lectoral.<\/p>\n<p>Le candidat a affirm\u00e9 qu\u2019il s\u2019adressera incessamment aux Tunisiens pour les inviter \u00e0 \u00eatre \u00ab au rendez-vous avec l\u2019histoire \u00bb.<\/p>\n<p>La campagne pour le deuxi\u00e8me tour de la pr\u00e9sidentielle a d\u00e9marr\u00e9 le 3 octobre et se poursuit \u00e0 la date du 11 du m\u00eame mois. Le scrutin pour le deuxi\u00e8me tour aura lieu le 13 octobre en cours \u00e0 l\u2019int\u00e9rieur du pays et les 11, 12 et 13 dans les circonscriptions \u00e0 l\u2019\u00e9tranger.<\/p>\n<p>Arriv\u00e9 en premi\u00e8re position lors du premier tour avec 18,4 pc voix, Ka\u00efs Sa\u00efed affrontera le pr\u00e9sident du parti \u00ab Au C\u0153ur de la Tunisie \u00bb (Qalb Toun\u00e8s) qui a r\u00e9colt\u00e9 15,6 pc des voix. Ce dernier maintenu en d\u00e9tention depuis le 23 aout pour suspicion de blanchiment d\u2019argent et d\u2019\u00e9vasion fiscale. Une plainte d\u00e9pos\u00e9e depuis 2016 par l\u2019organisation \u00ab I Watch \u00bb.<\/p>\n<p class=\"dpsp-share-text\">Partager c&rsquo;est aimer!<\/p>\n<div class=\"wp-post-author-wrap wp-post-author-shortcode left\">\n<h3 class=\"awpa-title\"\/>\n<div class=\"wp-post-author\">\n<div class=\"awpa-img awpa-author-block square\"><a href=\"http:\/\/lexpertjournal.net\/fr\/author\/expert\/\"><img loading=\"lazy\" decoding=\"async\" alt=\"\" src=\"http:\/\/2.gravatar.com\/avatar\/56d99be2a6f97af88ccb49fada637fcd?s=150&#038;d=mm&#038;r=g\" srcset=\"http:\/\/2.gravatar.com\/avatar\/56d99be2a6f97af88ccb49fada637fcd?s=300&#038;d=mm&#038;r=g 2x\" class=\"avatar avatar-150 photo\" height=\"150\" width=\"150\"\/><\/a><\/div>\n<\/div>\n<\/div>\n<p>Auteur: L&rsquo;expert<br \/>\n<a href=\"http:\/\/lexpertjournal.net\/fr\/2019\/10\/05\/presidentielle-2eme-tour-kais-saied-ne-fera-pas-de-campagne-electorale\/\">Cliquez ici pour lire l&rsquo;article depuis sa source.<\/a><\/p>\n","protected":false},"excerpt":{"rendered":"<p>Le candidat pour le deuxi\u00e8me tour de l\u2019\u00e9lection pr\u00e9sidentielle Ka\u00efs Sa\u00efed a d\u00e9cid\u00e9 de ne pas faire campagne. \u00ab Pour des consid\u00e9rations morales et soucieux d\u2019\u00e9viter tout \u00e9quivoque concernant l\u2019\u00e9galit\u00e9 des chances entre les candidats \u00bb, Ka\u00efs Sa\u00efed a d\u00e9clar\u00e9 samedi qu\u2019il ne fera pas \u00ab personnellement campagne et ce en d\u00e9pit de sa profonde [&hellip;]<\/p>\n","protected":false},"author":1775,"featured_media":0,"comment_status":"closed","ping_status":"closed","sticky":false,"template":"","format":"standard","meta":{"fifu_image_url":"","fifu_image_alt":"","footnotes":""},"categories":[78,55],"tags":[],"class_list":["post-63372","post","type-post","status-publish","format-standard","hentry","category-economie","category-tunisie"],"_links":{"self":[{"href":"https:\/\/linitiative.ca\/International\/wp-json\/wp\/v2\/posts\/63372","targetHints":{"allow":["GET"]}}],"collection":[{"href":"https:\/\/linitiative.ca\/International\/wp-json\/wp\/v2\/posts"}],"about":[{"href":"https:\/\/linitiative.ca\/International\/wp-json\/wp\/v2\/types\/post"}],"author":[{"embeddable":true,"href":"https:\/\/linitiative.ca\/International\/wp-json\/wp\/v2\/users\/1775"}],"replies":[{"embeddable":true,"href":"https:\/\/linitiative.ca\/International\/wp-json\/wp\/v2\/comments?post=63372"}],"version-history":[{"count":0,"href":"https:\/\/linitiative.ca\/International\/wp-json\/wp\/v2\/posts\/63372\/revisions"}],"wp:attachment":[{"href":"https:\/\/linitiative.ca\/International\/wp-json\/wp\/v2\/media?parent=63372"}],"wp:term":[{"taxonomy":"category","embeddable":true,"href":"https:\/\/linitiative.ca\/International\/wp-json\/wp\/v2\/categories?post=63372"},{"taxonomy":"post_tag","embeddable":true,"href":"https:\/\/linitiative.ca\/International\/wp-json\/wp\/v2\/tags?post=63372"}],"curies":[{"name":"wp","href":"https:\/\/api.w.org\/{rel}","templated":true}]}}