{"id":63373,"date":"2019-10-05T10:52:06","date_gmt":"2019-10-05T14:52:06","guid":{"rendered":"https:\/\/linitiative.ca\/International\/bizerte-un-avocat-a-la-retraite-arrete-pour-tentative-de-meurtre\/"},"modified":"2019-10-05T10:52:06","modified_gmt":"2019-10-05T14:52:06","slug":"bizerte-un-avocat-a-la-retraite-arrete-pour-tentative-de-meurtre","status":"publish","type":"post","link":"https:\/\/linitiative.ca\/International\/bizerte-un-avocat-a-la-retraite-arrete-pour-tentative-de-meurtre\/","title":{"rendered":"Bizerte :  Un avocat \u00e0 la retraite arr\u00eat\u00e9 pour \u00ab tentative de meurtre \u00bb"},"content":{"rendered":"<p>Le juge d\u2019instruction du quatri\u00e8me bureau du tribunal de premi\u00e8re instance de Bizerte a \u00e9mis vendredi soir un mandat d\u00e9p\u00f4t \u00e0 l\u2019encontre d\u2019un avocat \u00e0 la retraite pour \u00ab tentative de meurtre \u00bb et \u00ab non-assistance \u00e0 personne en danger \u00bb.<\/p>\n<p>Rep\u00e9rant jeudi la pr\u00e9sence d\u2019un individu qui volait des grenades dans le jardin de son domicile, l\u2019accus\u00e9 a fait usage d\u2019une carabine \u00e0 air comprim\u00e9 touchant \u00e0 la poitrine le voleur qui a d\u00fb \u00eatre hospitalis\u00e9 d\u2019urgence \u00e0 l\u2019h\u00f4pital de pneumonie de l\u2019Ariana o\u00f9 il a \u00e9t\u00e9 op\u00e9r\u00e9, pr\u00e9cise-t-on de m\u00eame source. Son \u00e9tat de sant\u00e9 est stationnaire.<\/p>\n<p>Apr\u00e8s interrogatoire, l\u2019accus\u00e9 accompagn\u00e9 de son avocat a \u00e9t\u00e9 \u00e9crou\u00e9. Ag\u00e9 de 71, l\u2019avocat \u00e0 la retraite a \u00e9t\u00e9 transf\u00e9r\u00e9 lui aussi \u00e0 l\u2019h\u00f4pital vendredi soir apr\u00e8s s\u2019\u00eatre \u00e9vanoui lorsqu\u2019il a entendu l\u2019ordre de son arrestation, indique-t-on de m\u00eame source.<\/p>\n<p>Cette affaire rappelle un incident similaire survenu cet \u00e9t\u00e9 \u00e0 Sousse lorsqu\u2019un autre avocat avait tir\u00e9 des coups de feu et tu\u00e9 un voleur qui s\u2019\u00e9tait introduit dans son domicile.<\/p>\n<p class=\"dpsp-share-text\">Partager c&rsquo;est aimer!<\/p>\n<div class=\"wp-post-author-wrap wp-post-author-shortcode left\">\n<h3 class=\"awpa-title\"\/>\n<div class=\"wp-post-author\">\n<div class=\"awpa-img awpa-author-block square\"><a href=\"http:\/\/lexpertjournal.net\/fr\/author\/expert\/\"><img loading=\"lazy\" decoding=\"async\" alt=\"\" src=\"http:\/\/2.gravatar.com\/avatar\/56d99be2a6f97af88ccb49fada637fcd?s=150&#038;d=mm&#038;r=g\" srcset=\"http:\/\/2.gravatar.com\/avatar\/56d99be2a6f97af88ccb49fada637fcd?s=300&#038;d=mm&#038;r=g 2x\" class=\"avatar avatar-150 photo\" height=\"150\" width=\"150\"\/><\/a><\/div>\n<\/div>\n<\/div>\n<p>Auteur: L&rsquo;expert<br \/>\n<a href=\"http:\/\/lexpertjournal.net\/fr\/2019\/10\/05\/bizerte-un-avocat-a-la-retraite-arrete-pour-tentative-de-meurtre\/\">Cliquez ici pour lire l&rsquo;article depuis sa source.<\/a><\/p>\n","protected":false},"excerpt":{"rendered":"<p>Le juge d\u2019instruction du quatri\u00e8me bureau du tribunal de premi\u00e8re instance de Bizerte a \u00e9mis vendredi soir un mandat d\u00e9p\u00f4t \u00e0 l\u2019encontre d\u2019un avocat \u00e0 la retraite pour \u00ab tentative de meurtre \u00bb et \u00ab non-assistance \u00e0 personne en danger \u00bb. Rep\u00e9rant jeudi la pr\u00e9sence d\u2019un individu qui volait des grenades dans le jardin de [&hellip;]<\/p>\n","protected":false},"author":1775,"featured_media":0,"comment_status":"closed","ping_status":"closed","sticky":false,"template":"","format":"standard","meta":{"fifu_image_url":"","fifu_image_alt":"","footnotes":""},"categories":[78,55],"tags":[],"class_list":["post-63373","post","type-post","status-publish","format-standard","hentry","category-economie","category-tunisie"],"_links":{"self":[{"href":"https:\/\/linitiative.ca\/International\/wp-json\/wp\/v2\/posts\/63373","targetHints":{"allow":["GET"]}}],"collection":[{"href":"https:\/\/linitiative.ca\/International\/wp-json\/wp\/v2\/posts"}],"about":[{"href":"https:\/\/linitiative.ca\/International\/wp-json\/wp\/v2\/types\/post"}],"author":[{"embeddable":true,"href":"https:\/\/linitiative.ca\/International\/wp-json\/wp\/v2\/users\/1775"}],"replies":[{"embeddable":true,"href":"https:\/\/linitiative.ca\/International\/wp-json\/wp\/v2\/comments?post=63373"}],"version-history":[{"count":0,"href":"https:\/\/linitiative.ca\/International\/wp-json\/wp\/v2\/posts\/63373\/revisions"}],"wp:attachment":[{"href":"https:\/\/linitiative.ca\/International\/wp-json\/wp\/v2\/media?parent=63373"}],"wp:term":[{"taxonomy":"category","embeddable":true,"href":"https:\/\/linitiative.ca\/International\/wp-json\/wp\/v2\/categories?post=63373"},{"taxonomy":"post_tag","embeddable":true,"href":"https:\/\/linitiative.ca\/International\/wp-json\/wp\/v2\/tags?post=63373"}],"curies":[{"name":"wp","href":"https:\/\/api.w.org\/{rel}","templated":true}]}}