{"id":63374,"date":"2019-10-05T10:54:31","date_gmt":"2019-10-05T14:54:31","guid":{"rendered":"https:\/\/linitiative.ca\/International\/dream-city-2019-dans-la-medina-de-tunis-la-ville-ou-les-reves-se-melent-a-la-realite\/"},"modified":"2019-10-05T10:54:31","modified_gmt":"2019-10-05T14:54:31","slug":"dream-city-2019-dans-la-medina-de-tunis-la-ville-ou-les-reves-se-melent-a-la-realite","status":"publish","type":"post","link":"https:\/\/linitiative.ca\/International\/dream-city-2019-dans-la-medina-de-tunis-la-ville-ou-les-reves-se-melent-a-la-realite\/","title":{"rendered":"Dream City 2019 dans la m\u00e9dina de Tunis :  La ville o\u00f9 les r\u00eaves se m\u00ealent \u00e0 la r\u00e9alit\u00e9"},"content":{"rendered":"<p>R\u00eaver la m\u00e9dina de Tunis avec des yeux ouverts tourn\u00e9s vers le monde, tel est l\u2019objectif de la 7\u00e8me \u00e9dition du festival Dream City, lequel a investi la ville ancienne de la capitale avec ses cr\u00e9ations artistiques o\u00f9 le pass\u00e9 et le pr\u00e9sent se croisent pour dessiner un avenir meilleur.<\/p>\n<p>Dans \u00bb Gardens Speak \u00bb (les jardins qui parlent) de la libanaise Tania El Khoury, le public vit aux rythmes d\u2019une exp\u00e9rience sensorielle, physique, olfactive et visuelle unique. Gr\u00e2ce \u00e0 une installation sonore interactive contenant l\u2019histoire orale de dix personnes tomb\u00e9es en martyrs sous les bombes de la guerre syrienne, El Khoury transporte son public dans les r\u00eaves avort\u00e9s d\u2019une jeunesse syrienne assoiff\u00e9e de libert\u00e9.<\/p>\n<p>A Dribet Dar Hussein, tels des membres de la police judiciaire, dix festivaliers sont invit\u00e9s \u00e0 enlever leurs chaussures et endosser des capes blanches pour pouvoir entrer dans le jardin int\u00e9rieur d\u2019une maison syrienne et connaitre ainsi les histoires de dix personnes ordinaires mortes au d\u00e9but de la guerre (2011-2012).<\/p>\n<p>Chaque r\u00e9cit a \u00e9t\u00e9 soigneusement, construit avec les amis et les membres de la famille des d\u00e9funts afin qu\u2019ils puissent raconter leur histoire comme s\u2019ils \u00e9taient les narrateurs. Pour connaitre le r\u00e9cit de chaque martyr, le festivalier est invit\u00e9 \u00e0 participer activement dans la construction d\u2019une tranche de vie d\u2019un d\u00e9funt en choisissant une carte avec le nom d\u2019un martyr. Mustapha Karmani, Abu Khaled, Bayan ou encore Ayatt Kassab\u2026 tous morts au d\u00e9but du soul\u00e8vement de la jeunesse syrienne \u00e0 Homs (Syrie) sous les bombardements. Baign\u00e9 dans le noir, muni d\u2019une petite torche, chaque festivalier doit d\u00e9terrer un tombeau tel un arch\u00e9ologue pour ressusciter les fragments d\u2019une vie bris\u00e9e par la guerre.<\/p>\n<p>Interpellant le public avec un titre provocateur \u00bb Qui a peur de l\u2019id\u00e9ologie ? \u00ab , l\u2019artiste Marwa Arsanios propose, au Palais Kheireddine deux installations vid\u00e9os de 20 minutes chacune. Film\u00e9es telles des documentaires exp\u00e9rimentales, la r\u00e9alisatrice met en sc\u00e8ne la vie des femmes du village kurde syrien Jinwar, notamment leur relation fusionnelle avec la nature. \u00ab Jinwar \u00bb-lieu des femmes en langue kurde- est un village situ\u00e9e dans les montagnes du Kurdistan peupl\u00e9 uniquement, par des femmes et leurs enfants. Dans ce documentaire r\u00e9alis\u00e9 en 2017, Marwa Arsanios prend le contre-pied des id\u00e9ologies destructrices comme le terrorisme et le fanatisme religieux pour pr\u00e9senter un village gouvern\u00e9 par des femmes suivant une id\u00e9ologie f\u00e9ministe et \u00e9cologique.<\/p>\n<p>Au c\u0153ur de la m\u00e9dina de Tunis, \u00e0 l\u2019impasse El Kachekh, le plasticien tunisien Atef Maatallah a transform\u00e9 une ancienne d\u00e9charge anarchique en un jardin public, en y installant des arbres, des plantes, du mobilier urbain, et de grandes fresques murales. Un espace r\u00eav\u00e9 par l\u2019artiste comme un lieu \u00e0 la crois\u00e9e de la m\u00e9moire et de la fiction. Les ordures dispara\u00eetront mais l\u2019artiste en gardera la trace, comme des reliques, peintes sur les hauts murs qui dominent la place ou comme terreau.<\/p>\n<p>La transformation est men\u00e9e en \u00e9troite collaboration avec les habitants du quartier, leur implication \u00e9tant la garantie qu\u2019ils veilleront sur cet espace vert am\u00e9nag\u00e9 au c\u0153ur de la m\u00e9dina. \u00ab R\u00e9ticents au d\u00e9but du projet, les habitants se sont engag\u00e9s petit \u00e0 petit dans l\u2019\u00e9laboration de cet espace r\u00eav\u00e9 qui se transformera au fil jours et de l\u2019implication des autorit\u00e9s municipales en un espace vert autonome \u00bb a expliqu\u00e9 Maatallah, affirmant qu\u2019il a re\u00e7u l\u2019accord de la municipalit\u00e9 de Tunis pour construire un puits au milieu du jardin.<\/p>\n<p>Se poursuivant jusqu\u2019au 13 octobre, Dream City 2019 invite son public \u00e0 la r\u00e9flexion et \u00e0 la r\u00eaverie active avec au programme des colloques, des installations interactives, de la danse et de la musique. Au total, 187 propositions artistiques tunisiennes et \u00e9trang\u00e8res, dont pr\u00e8s de la moiti\u00e9 sont gratuites sont propos\u00e9es et o\u00f9 le public sera invit\u00e9 \u00e0 s\u2019impliquer pour imaginer l\u2019avenir d\u2019une m\u00e9dina, dont les r\u00eaves se conjuguent au pr\u00e9sent.<\/p>\n<p class=\"dpsp-share-text\">Partager c&rsquo;est aimer!<\/p>\n<div class=\"wp-post-author-wrap wp-post-author-shortcode left\">\n<h3 class=\"awpa-title\"\/>\n<div class=\"wp-post-author\">\n<div class=\"awpa-img awpa-author-block square\"><a href=\"http:\/\/lexpertjournal.net\/fr\/author\/expert\/\"><img loading=\"lazy\" decoding=\"async\" alt=\"\" src=\"http:\/\/2.gravatar.com\/avatar\/56d99be2a6f97af88ccb49fada637fcd?s=150&#038;d=mm&#038;r=g\" srcset=\"http:\/\/2.gravatar.com\/avatar\/56d99be2a6f97af88ccb49fada637fcd?s=300&#038;d=mm&#038;r=g 2x\" class=\"avatar avatar-150 photo\" height=\"150\" width=\"150\"\/><\/a><\/div>\n<\/div>\n<\/div>\n<p>Auteur: L&rsquo;expert<br \/>\n<a href=\"http:\/\/lexpertjournal.net\/fr\/2019\/10\/05\/dream-city-2019-dans-la-medina-de-tunis-la-ville-ou-les-reves-se-melent-a-la-realite\/\">Cliquez ici pour lire l&rsquo;article depuis sa source.<\/a><\/p>\n","protected":false},"excerpt":{"rendered":"<p>R\u00eaver la m\u00e9dina de Tunis avec des yeux ouverts tourn\u00e9s vers le monde, tel est l\u2019objectif de la 7\u00e8me \u00e9dition du festival Dream City, lequel a investi la ville ancienne de la capitale avec ses cr\u00e9ations artistiques o\u00f9 le pass\u00e9 et le pr\u00e9sent se croisent pour dessiner un avenir meilleur. Dans \u00bb Gardens Speak \u00bb [&hellip;]<\/p>\n","protected":false},"author":1775,"featured_media":0,"comment_status":"closed","ping_status":"closed","sticky":false,"template":"","format":"standard","meta":{"fifu_image_url":"","fifu_image_alt":"","footnotes":""},"categories":[78,55],"tags":[],"class_list":["post-63374","post","type-post","status-publish","format-standard","hentry","category-economie","category-tunisie"],"_links":{"self":[{"href":"https:\/\/linitiative.ca\/International\/wp-json\/wp\/v2\/posts\/63374","targetHints":{"allow":["GET"]}}],"collection":[{"href":"https:\/\/linitiative.ca\/International\/wp-json\/wp\/v2\/posts"}],"about":[{"href":"https:\/\/linitiative.ca\/International\/wp-json\/wp\/v2\/types\/post"}],"author":[{"embeddable":true,"href":"https:\/\/linitiative.ca\/International\/wp-json\/wp\/v2\/users\/1775"}],"replies":[{"embeddable":true,"href":"https:\/\/linitiative.ca\/International\/wp-json\/wp\/v2\/comments?post=63374"}],"version-history":[{"count":0,"href":"https:\/\/linitiative.ca\/International\/wp-json\/wp\/v2\/posts\/63374\/revisions"}],"wp:attachment":[{"href":"https:\/\/linitiative.ca\/International\/wp-json\/wp\/v2\/media?parent=63374"}],"wp:term":[{"taxonomy":"category","embeddable":true,"href":"https:\/\/linitiative.ca\/International\/wp-json\/wp\/v2\/categories?post=63374"},{"taxonomy":"post_tag","embeddable":true,"href":"https:\/\/linitiative.ca\/International\/wp-json\/wp\/v2\/tags?post=63374"}],"curies":[{"name":"wp","href":"https:\/\/api.w.org\/{rel}","templated":true}]}}