{"id":63375,"date":"2019-10-05T10:59:06","date_gmt":"2019-10-05T14:59:06","guid":{"rendered":"https:\/\/linitiative.ca\/International\/migration-clandestine-rome-presse-13-pays-a-rapatrier-leurs-ressortissants\/"},"modified":"2019-10-05T10:59:06","modified_gmt":"2019-10-05T14:59:06","slug":"migration-clandestine-rome-presse-13-pays-a-rapatrier-leurs-ressortissants","status":"publish","type":"post","link":"https:\/\/linitiative.ca\/International\/migration-clandestine-rome-presse-13-pays-a-rapatrier-leurs-ressortissants\/","title":{"rendered":"Migration clandestine : Rome presse 13 pays \u00e0 rapatrier leurs ressortissants"},"content":{"rendered":"<p>Le gouvernement italien a r\u00e9cemment publi\u00e9 un nouveau d\u00e9cret facilitant le rapatriement des migrants, couvrant 13 pays, dont la Tunisie, a d\u00e9clar\u00e9 le ministre italien des Affaires \u00e9trang\u00e8res, Luigi Di Mayo, lors d\u2019une conf\u00e9rence de presse au minist\u00e8re italien des Affaires \u00e9trang\u00e8res.<\/p>\n<p>De Mayo a annonc\u00e9 son intention de se rendre prochainement en Tunisie et au Maroc afin de discuter du renforcement des accords sur le rapatriement des migrants, a rapport\u00e9 vendredi l\u2019agence de presse italienne ANSA.<\/p>\n<p>\u00ab Treize pays sont inclus dans le nouveau d\u00e9cret gouvernemental, qui raccourcit les proc\u00e9dures de rapatriement \u00bb, notamment vers la Tunisie, l\u2019Albanie, l\u2019Alg\u00e9rie, la Bosnie-Herz\u00e9govine, le Cap-Vert, le Kosovo, le Ghana, la Mac\u00e9doine du Nord, le Maroc, le Mont\u00e9n\u00e9gro, le S\u00e9n\u00e9gal, la Serbie et l\u2019Ukraine.<\/p>\n<p>Il a r\u00e9v\u00e9l\u00e9 que son pays avait pr\u00e9c\u00e9demment conclu des accords avec le Maroc et la Tunisie sur des op\u00e9rations de rapatriement, mais que ces accords doivent \u00eatre \u00ab renforc\u00e9s ou ratifi\u00e9s \u00bb.<\/p>\n<p>Lors de sa prochaine visite en Tunisie, Di Mayo demanderait une r\u00e9union du groupe de travail italo-tunisien en vue d\u2019accro\u00eetre le rapatriement des migrants en situation irr\u00e9guli\u00e8re.<\/p>\n<p>\u00ab Nous voulons parler au plus vite avec le gouvernement issu des \u00e9lections l\u00e9gislatives pr\u00e9vues dimanche prochain pour mettre en \u0153uvre les dispositions du fameux accord sur l\u2019expulsion des immigrants \u00bb, a-t-il d\u00e9clar\u00e9.<\/p>\n<p>La mission de l\u2019Organisation internationale pour les Migrations (OIM) en Tunisie a signal\u00e9 que plus de 3 000 migrants clandestins tunisiens sont arriv\u00e9s en Italie au cours de l\u2019ann\u00e9e \u00e9coul\u00e9e et que la Tunisie s\u2019est class\u00e9e au premier rang au cours des quatre premiers mois de 2018 en termes de nombre de migrants irr\u00e9guliers en Italie au cours de cette p\u00e9riode.<\/p>\n<p class=\"dpsp-share-text\">Partager c&rsquo;est aimer!<\/p>\n<div class=\"wp-post-author-wrap wp-post-author-shortcode left\">\n<h3 class=\"awpa-title\"\/>\n<div class=\"wp-post-author\">\n<div class=\"awpa-img awpa-author-block square\"><a href=\"http:\/\/lexpertjournal.net\/fr\/author\/expert\/\"><img loading=\"lazy\" decoding=\"async\" alt=\"\" src=\"http:\/\/2.gravatar.com\/avatar\/56d99be2a6f97af88ccb49fada637fcd?s=150&#038;d=mm&#038;r=g\" srcset=\"http:\/\/2.gravatar.com\/avatar\/56d99be2a6f97af88ccb49fada637fcd?s=300&#038;d=mm&#038;r=g 2x\" class=\"avatar avatar-150 photo\" height=\"150\" width=\"150\"\/><\/a><\/div>\n<\/div>\n<\/div>\n<p>Auteur: L&rsquo;expert<br \/>\n<a href=\"http:\/\/lexpertjournal.net\/fr\/2019\/10\/05\/migration-clandestine-rome-presse-13-pays-a-rapatrier-leurs-ressortissants\/\">Cliquez ici pour lire l&rsquo;article depuis sa source.<\/a><\/p>\n","protected":false},"excerpt":{"rendered":"<p>Le gouvernement italien a r\u00e9cemment publi\u00e9 un nouveau d\u00e9cret facilitant le rapatriement des migrants, couvrant 13 pays, dont la Tunisie, a d\u00e9clar\u00e9 le ministre italien des Affaires \u00e9trang\u00e8res, Luigi Di Mayo, lors d\u2019une conf\u00e9rence de presse au minist\u00e8re italien des Affaires \u00e9trang\u00e8res. De Mayo a annonc\u00e9 son intention de se rendre prochainement en Tunisie et [&hellip;]<\/p>\n","protected":false},"author":1775,"featured_media":0,"comment_status":"closed","ping_status":"closed","sticky":false,"template":"","format":"standard","meta":{"fifu_image_url":"","fifu_image_alt":"","footnotes":""},"categories":[78,55],"tags":[],"class_list":["post-63375","post","type-post","status-publish","format-standard","hentry","category-economie","category-tunisie"],"_links":{"self":[{"href":"https:\/\/linitiative.ca\/International\/wp-json\/wp\/v2\/posts\/63375","targetHints":{"allow":["GET"]}}],"collection":[{"href":"https:\/\/linitiative.ca\/International\/wp-json\/wp\/v2\/posts"}],"about":[{"href":"https:\/\/linitiative.ca\/International\/wp-json\/wp\/v2\/types\/post"}],"author":[{"embeddable":true,"href":"https:\/\/linitiative.ca\/International\/wp-json\/wp\/v2\/users\/1775"}],"replies":[{"embeddable":true,"href":"https:\/\/linitiative.ca\/International\/wp-json\/wp\/v2\/comments?post=63375"}],"version-history":[{"count":0,"href":"https:\/\/linitiative.ca\/International\/wp-json\/wp\/v2\/posts\/63375\/revisions"}],"wp:attachment":[{"href":"https:\/\/linitiative.ca\/International\/wp-json\/wp\/v2\/media?parent=63375"}],"wp:term":[{"taxonomy":"category","embeddable":true,"href":"https:\/\/linitiative.ca\/International\/wp-json\/wp\/v2\/categories?post=63375"},{"taxonomy":"post_tag","embeddable":true,"href":"https:\/\/linitiative.ca\/International\/wp-json\/wp\/v2\/tags?post=63375"}],"curies":[{"name":"wp","href":"https:\/\/api.w.org\/{rel}","templated":true}]}}