{"id":63376,"date":"2019-10-05T11:03:08","date_gmt":"2019-10-05T15:03:08","guid":{"rendered":"https:\/\/linitiative.ca\/International\/dossier-libyen-poursuite-des-efforts-tunisiens-pour-un-retour-au-dialogue\/"},"modified":"2019-10-05T11:03:08","modified_gmt":"2019-10-05T15:03:08","slug":"dossier-libyen-poursuite-des-efforts-tunisiens-pour-un-retour-au-dialogue","status":"publish","type":"post","link":"https:\/\/linitiative.ca\/International\/dossier-libyen-poursuite-des-efforts-tunisiens-pour-un-retour-au-dialogue\/","title":{"rendered":"Dossier libyen : Poursuite des efforts tunisiens pour un retour au dialogue"},"content":{"rendered":"<p>Les derniers d\u00e9veloppements en Libye et les efforts d\u00e9ploy\u00e9s par l\u2019envoy\u00e9 de l\u2019ONU pour combler le foss\u00e9 entre les parties et relancer le processus politique sous les auspices des Nations Unies, ont \u00e9t\u00e9 au centre de l\u2019entretien du ministre des Affaires \u00e9trang\u00e8res Kh\u00e9maies Jhinaoui vendredi avec le repr\u00e9sentant sp\u00e9cial du secr\u00e9taire g\u00e9n\u00e9ral des Nations unies en Libye, Ghassan Salameh, rapporte le minist\u00e8re dans un communiqu\u00e9.<\/p>\n<p>Jhinaoui a r\u00e9it\u00e9r\u00e9 le soutien de la Tunisie aux efforts d\u00e9ploy\u00e9s par l\u2019envoy\u00e9 des Nations Unies en Libye en vue de la mise en \u0153uvre int\u00e9grale du plan d\u2019action des Nations Unies pour parvenir \u00e0 un r\u00e8glement politique global de la crise libyenne, rappelant la position de la Tunisie favorable au dialogue et au consensus comme seul moyen pour faire aboutir le processus politique en libyen, l\u2019arr\u00eat imm\u00e9diat des combats et la solution politique de la crise en Libye.<\/p>\n<p>Le ministre a rappel\u00e9 le r\u00f4le central du dossier libyen dans la diplomatie tunisienne, qui l\u2019a plac\u00e9 au premier plan de ses priorit\u00e9s, compte-tenu des relations \u00e9troites existant entre les deux peuples fr\u00e8res et des r\u00e9percussions directes des d\u00e9veloppements en Libye sur la s\u00e9curit\u00e9 et la stabilit\u00e9 en Tunisie et dans la r\u00e9gion en g\u00e9n\u00e9ral.<\/p>\n<p>Dans ce contexte, il a soulign\u00e9 le r\u00f4le-cl\u00e9 des pays voisins de la Libye, en particulier celui de la Tunisie, en contribuant activement \u00e0 toutes les initiatives visant \u00e0 aider les fr\u00e8res libyens \u00e0 surmonter leurs divergences et \u00e0 revenir \u00e0 la table des n\u00e9gociations afin qu\u2019ils puissent se consacrer aux efforts de d\u00e9veloppement et renforcer leurs institutions constitutionnelles.<\/p>\n<p>Le ministre des Affaires \u00e9trang\u00e8res a \u00e9galement inform\u00e9 l\u2019envoy\u00e9 sp\u00e9cial des Nations unies du contenu de sa rencontre jeudi avec les ambassadeurs des membres permanents du Conseil de s\u00e9curit\u00e9 avant que la Tunisie n\u2019int\u00e8gre d\u00e9but janvier prochain le Conseil de s\u00e9curit\u00e9 des Nations unies en tant que membre non-permanent. Il a pr\u00e9cis\u00e9 que cette rencontre a mis l\u2019accent sur l\u2019importance du retour du dialogue inter libyen, l\u2019appel \u00e0 mettre fin \u00e0 l\u2019ing\u00e9rence \u00e9trang\u00e8re et le rejet de toute solution militaire \u00e0 la crise.<\/p>\n<p>Pour sa part, Ghassan Salameh, a salu\u00e9 les efforts de la Tunisie pour rapprocher les parties libyennes et les exhorter \u00e0 engager un dialogue et \u00e0 n\u00e9gocier une solution politique \u00e0 la crise dans le pays.<\/p>\n<p class=\"dpsp-share-text\">Partager c&rsquo;est aimer!<\/p>\n<div class=\"wp-post-author-wrap wp-post-author-shortcode left\">\n<h3 class=\"awpa-title\"\/>\n<div class=\"wp-post-author\">\n<div class=\"awpa-img awpa-author-block square\"><a href=\"http:\/\/lexpertjournal.net\/fr\/author\/expert\/\"><img loading=\"lazy\" decoding=\"async\" alt=\"\" src=\"http:\/\/2.gravatar.com\/avatar\/56d99be2a6f97af88ccb49fada637fcd?s=150&#038;d=mm&#038;r=g\" srcset=\"http:\/\/2.gravatar.com\/avatar\/56d99be2a6f97af88ccb49fada637fcd?s=300&#038;d=mm&#038;r=g 2x\" class=\"avatar avatar-150 photo\" height=\"150\" width=\"150\"\/><\/a><\/div>\n<\/div>\n<\/div>\n<p>Auteur: L&rsquo;expert<br \/>\n<a href=\"http:\/\/lexpertjournal.net\/fr\/2019\/10\/05\/dossier-libyen-poursuite-des-efforts-tunisiens-pour-un-retour-au-dialogue\/\">Cliquez ici pour lire l&rsquo;article depuis sa source.<\/a><\/p>\n","protected":false},"excerpt":{"rendered":"<p>Les derniers d\u00e9veloppements en Libye et les efforts d\u00e9ploy\u00e9s par l\u2019envoy\u00e9 de l\u2019ONU pour combler le foss\u00e9 entre les parties et relancer le processus politique sous les auspices des Nations Unies, ont \u00e9t\u00e9 au centre de l\u2019entretien du ministre des Affaires \u00e9trang\u00e8res Kh\u00e9maies Jhinaoui vendredi avec le repr\u00e9sentant sp\u00e9cial du secr\u00e9taire g\u00e9n\u00e9ral des Nations unies [&hellip;]<\/p>\n","protected":false},"author":1775,"featured_media":0,"comment_status":"closed","ping_status":"closed","sticky":false,"template":"","format":"standard","meta":{"fifu_image_url":"","fifu_image_alt":"","footnotes":""},"categories":[78,55],"tags":[],"class_list":["post-63376","post","type-post","status-publish","format-standard","hentry","category-economie","category-tunisie"],"_links":{"self":[{"href":"https:\/\/linitiative.ca\/International\/wp-json\/wp\/v2\/posts\/63376","targetHints":{"allow":["GET"]}}],"collection":[{"href":"https:\/\/linitiative.ca\/International\/wp-json\/wp\/v2\/posts"}],"about":[{"href":"https:\/\/linitiative.ca\/International\/wp-json\/wp\/v2\/types\/post"}],"author":[{"embeddable":true,"href":"https:\/\/linitiative.ca\/International\/wp-json\/wp\/v2\/users\/1775"}],"replies":[{"embeddable":true,"href":"https:\/\/linitiative.ca\/International\/wp-json\/wp\/v2\/comments?post=63376"}],"version-history":[{"count":0,"href":"https:\/\/linitiative.ca\/International\/wp-json\/wp\/v2\/posts\/63376\/revisions"}],"wp:attachment":[{"href":"https:\/\/linitiative.ca\/International\/wp-json\/wp\/v2\/media?parent=63376"}],"wp:term":[{"taxonomy":"category","embeddable":true,"href":"https:\/\/linitiative.ca\/International\/wp-json\/wp\/v2\/categories?post=63376"},{"taxonomy":"post_tag","embeddable":true,"href":"https:\/\/linitiative.ca\/International\/wp-json\/wp\/v2\/tags?post=63376"}],"curies":[{"name":"wp","href":"https:\/\/api.w.org\/{rel}","templated":true}]}}