{"id":63381,"date":"2019-10-05T08:25:00","date_gmt":"2019-10-05T12:25:00","guid":{"rendered":"https:\/\/linitiative.ca\/International\/me-mokrane-ait-larbi-denonce-la-decision-du-juge-de-dar-el-beida\/"},"modified":"2019-10-05T08:25:00","modified_gmt":"2019-10-05T12:25:00","slug":"me-mokrane-ait-larbi-denonce-la-decision-du-juge-de-dar-el-beida","status":"publish","type":"post","link":"https:\/\/linitiative.ca\/International\/me-mokrane-ait-larbi-denonce-la-decision-du-juge-de-dar-el-beida\/","title":{"rendered":"Me Mokrane Ait Larbi d\u00e9nonce la d\u00e9cision du juge de Dar El Beida"},"content":{"rendered":"<div id=\"originalText\" readability=\"64\">\n<p class=\"c10\">L\u2019avocat et militant des Droits de l\u2019Homme, Mokrane Ait-Larbi, a d\u00e9nonc\u00e9 ce samedi\u00a0 dans un communiqu\u00e9, la d\u00e9cision du juge d\u2019instruction du tribunal de Dar El Beida, qui lui a refus\u00e9\u00a0 le permis de visite de son mandant, ainsi que l\u2019acc\u00e8s \u00e0 une copie de son dossier. \u00ab J\u2019ai annonc\u00e9 ma constitution devant le juge d\u2019instruction de la premi\u00e8re chambre\u00a0 du tribunal de Dar El Beida, relevant de la Cour d\u2019Alger pour d\u00e9fendre un d\u00e9tenu politique, mais le juge d\u2019instruction a refus\u00e9 de me d\u00e9livrer le permis de visite ainsi qu\u2019une copie de son dossier et cela en violations de tous les droits, quels que soient les raisons et les motifs\u00a0 \u00bb, indique-t-il.<\/p>\n<p class=\"c10\">Selon Me Ait-Larbi, \u00abcet acte ill\u00e9gal est consid\u00e9r\u00e9 comme une atteinte flagrante et grave aux droits de la d\u00e9fense garantis par la loi, notamment par la loi sur l&rsquo;organisation de la profession d&rsquo;avocat et par l&rsquo;article 170 de la Constitution \u00bb.<\/p>\n<p class=\"c10\">Pour l\u2019avocat, \u00ab la relation entre le juge d&rsquo;instruction et l&rsquo;avocat est d\u00e9finie par le code de proc\u00e9dure p\u00e9nale, qui n&rsquo;a pas \u00e9t\u00e9 respect\u00e9 par ce juge \u00bb. Il a pr\u00e9cis\u00e9 que \u00ab la relation entre l&rsquo;avocat et ses clients ob\u00e9it \u00e0 la loi r\u00e9gissant la profession d&rsquo;avocat et le r\u00e8glement int\u00e9rieur, sans aucune interf\u00e9rence\u00a0 du juge d\u2019instruction et tout\u00a0 litige entre l\u2019avocat et son client est une affaire qui est du ressort\u00a0 du b\u00e2tonnier \u00bb.<\/p>\n<p class=\"c10\">Mokrane Ait-Larbi\u00a0 a par ailleurs condamn\u00e9 \u00ab fermement cet abus et cette d\u00e9rive\u00a0\u00bb. \u00ab\u00a0Je demande aux organisations d&rsquo;avocats de prendre les mesures n\u00e9cessaires pour mettre fin \u00e0 ce comportement dangereux que je n\u2019ai pas observ\u00e9 au long de ma carri\u00e8re professionnelle\u00bb, a-t-il conclu son communiqu\u00e9.<\/p>\n<p class=\"c11\"><strong>Im\u00e8ne AMOKRANE<\/strong><\/p>\n<\/div>\n<div id=\"text_core\" readability=\"64\">\n<p class=\"c10\">L\u2019avocat et militant des Droits de l\u2019Homme, Mokrane Ait-Larbi, a d\u00e9nonc\u00e9 ce samedi\u00a0 dans un communiqu\u00e9, la d\u00e9cision du juge d\u2019instruction du tribunal de Dar El Beida, qui lui a refus\u00e9\u00a0 le permis de visite de son mandant, ainsi que l\u2019acc\u00e8s \u00e0 une copie de son dossier. \u00ab J\u2019ai annonc\u00e9 ma constitution devant le juge d\u2019instruction de la premi\u00e8re chambre\u00a0 du tribunal de Dar El Beida, relevant de la Cour d\u2019Alger pour d\u00e9fendre un d\u00e9tenu politique, mais le juge d\u2019instruction a refus\u00e9 de me d\u00e9livrer le permis de visite ainsi qu\u2019une copie de son dossier et cela en violations de tous les droits, quels que soient les raisons et les motifs\u00a0 \u00bb, indique-t-il.<\/p>\n<p class=\"c10\">Selon Me Ait-Larbi, \u00abcet acte ill\u00e9gal est consid\u00e9r\u00e9 comme une atteinte flagrante et grave aux droits de la d\u00e9fense garantis par la loi, notamment par la loi sur l&rsquo;organisation de la profession d&rsquo;avocat et par l&rsquo;article 170 de la Constitution \u00bb.<\/p>\n<p class=\"c10\">Pour l\u2019avocat, \u00ab la relation entre le juge d&rsquo;instruction et l&rsquo;avocat est d\u00e9finie par le code de proc\u00e9dure p\u00e9nale, qui n&rsquo;a pas \u00e9t\u00e9 respect\u00e9 par ce juge \u00bb. Il a pr\u00e9cis\u00e9 que \u00ab la relation entre l&rsquo;avocat et ses clients ob\u00e9it \u00e0 la loi r\u00e9gissant la profession d&rsquo;avocat et le r\u00e8glement int\u00e9rieur, sans aucune interf\u00e9rence\u00a0 du juge d\u2019instruction et tout\u00a0 litige entre l\u2019avocat et son client est une affaire qui est du ressort\u00a0 du b\u00e2tonnier \u00bb.<\/p>\n<p class=\"c10\">Mokrane Ait-Larbi\u00a0 a par ailleurs condamn\u00e9 \u00ab fermement cet abus et cette d\u00e9rive\u00a0\u00bb. \u00ab\u00a0Je demande aux organisations d&rsquo;avocats de prendre les mesures n\u00e9cessaires pour mettre fin \u00e0 ce comportement dangereux que je n\u2019ai pas observ\u00e9 au long de ma carri\u00e8re professionnelle\u00bb, a-t-il conclu son communiqu\u00e9.<\/p>\n<p class=\"c11\"><strong>Im\u00e8ne AMOKRANE<\/strong><\/p>\n<\/div>\n<p>Auteur:<br \/>\n<a href=\"https:\/\/www.liberte-algerie.com\/actualite\/me-mokrane-ait-larbi-denonce-la-decision-du-juge-de-dar-el-beida-325332\">Cliquez ici pour lire l&rsquo;article depuis sa source.<\/a><\/p>\n","protected":false},"excerpt":{"rendered":"<p>L\u2019avocat et militant des Droits de l\u2019Homme, Mokrane Ait-Larbi, a d\u00e9nonc\u00e9 ce samedi\u00a0 dans un communiqu\u00e9, la d\u00e9cision du juge d\u2019instruction du tribunal de Dar El Beida, qui lui a refus\u00e9\u00a0 le permis de visite de son mandant, ainsi que l\u2019acc\u00e8s \u00e0 une copie de son dossier. \u00ab J\u2019ai annonc\u00e9 ma constitution devant le juge [&hellip;]<\/p>\n","protected":false},"author":1742,"featured_media":0,"comment_status":"closed","ping_status":"closed","sticky":false,"template":"","format":"standard","meta":{"fifu_image_url":"","fifu_image_alt":"","footnotes":""},"categories":[73,53],"tags":[],"class_list":["post-63381","post","type-post","status-publish","format-standard","hentry","category-actualite","category-algerie"],"_links":{"self":[{"href":"https:\/\/linitiative.ca\/International\/wp-json\/wp\/v2\/posts\/63381","targetHints":{"allow":["GET"]}}],"collection":[{"href":"https:\/\/linitiative.ca\/International\/wp-json\/wp\/v2\/posts"}],"about":[{"href":"https:\/\/linitiative.ca\/International\/wp-json\/wp\/v2\/types\/post"}],"author":[{"embeddable":true,"href":"https:\/\/linitiative.ca\/International\/wp-json\/wp\/v2\/users\/1742"}],"replies":[{"embeddable":true,"href":"https:\/\/linitiative.ca\/International\/wp-json\/wp\/v2\/comments?post=63381"}],"version-history":[{"count":0,"href":"https:\/\/linitiative.ca\/International\/wp-json\/wp\/v2\/posts\/63381\/revisions"}],"wp:attachment":[{"href":"https:\/\/linitiative.ca\/International\/wp-json\/wp\/v2\/media?parent=63381"}],"wp:term":[{"taxonomy":"category","embeddable":true,"href":"https:\/\/linitiative.ca\/International\/wp-json\/wp\/v2\/categories?post=63381"},{"taxonomy":"post_tag","embeddable":true,"href":"https:\/\/linitiative.ca\/International\/wp-json\/wp\/v2\/tags?post=63381"}],"curies":[{"name":"wp","href":"https:\/\/api.w.org\/{rel}","templated":true}]}}