{"id":63385,"date":"2019-10-05T06:29:50","date_gmt":"2019-10-05T10:29:50","guid":{"rendered":"https:\/\/linitiative.ca\/International\/ap-osce-m-benchamach-tient-une-serie-dentretiens\/"},"modified":"2019-10-05T06:29:50","modified_gmt":"2019-10-05T10:29:50","slug":"ap-osce-m-benchamach-tient-une-serie-dentretiens","status":"publish","type":"post","link":"https:\/\/linitiative.ca\/International\/ap-osce-m-benchamach-tient-une-serie-dentretiens\/","title":{"rendered":"AP-OSCE: M. Benchamach tient une s\u00e9rie d\u2019entretiens"},"content":{"rendered":"<div readability=\"39\">\n<p>Marrakech- Le Pr\u00e9sident de la Chambre des Conseillers, Hakim Benchamach, a eu, vendredi \u00e0 Marrakech, une s\u00e9rie d\u2019entretiens avec les pr\u00e9sidents de l\u2019Assembl\u00e9e Parlementaire de l\u2019Organisation pour la S\u00e9curit\u00e9 et la Coop\u00e9ration en Europe (AP-OSCE) et d\u2019institutions parlementaires africaines.<\/p>\n<\/div>\n<div readability=\"123\">\n<p>Ainsi, M. Bechamach s\u2019est entretenu respectivement avec le Pr\u00e9sident de l\u2019AP-OSCE, George Tsereteli, le Pr\u00e9sident de l\u2019Union Parlementaire Africaine (UPA), Alassane Bala Sakande, et celui du Parlement de la Communaut\u00e9 Economique des Etats de l\u2019Afrique de l\u2019Ouest (CEDEAO), Moustapha Cisse Lo.<\/p>\n<p>Les entretiens entre le pr\u00e9sident de la Chambre des Conseillers et ses interlocuteurs europ\u00e9en et africains ont port\u00e9 notamment sur le renforcement de la coop\u00e9ration parlementaire entre leurs institutions respectives et ce, \u00e0 la lumi\u00e8re des diff\u00e9rents d\u00e9fis transfrontaliers et probl\u00e9matiques qui se posent aujourd\u2019hui avec acuit\u00e9.<\/p>\n<p>Dans une d\u00e9claration \u00e0 la MAP \u00e0 l\u2019issue de ces entrevues, M. Benchamach a indiqu\u00e9 que la Chambre des Conseillers a veill\u00e9, en accueillant \u00e0\u00a0Marrakech\u00a0les travaux de la session d\u2019automne de la 18\u00e8me Assembl\u00e9e Parlementaire de l\u2019OSCE, \u00e0 \u00e9tablir \u00ab\u00a0un pont\u00a0\u00bb entre les Continents europ\u00e9en et africain, comme en t\u00e9moigne la participation \u00e0 cette session des pr\u00e9sidents de deux institutions parlementaires africaines, \u00e0 savoir l\u2019UPA et le parlement de la CEDEAO.<\/p>\n<p>Cette session d\u2019automne offre l\u2019opportunit\u00e9 de discuter et de d\u00e9battre de nombre de d\u00e9fis transfrontaliers qui figurent \u00e0 son ordre du jour, aussi bien ceux relatifs aux menaces s\u00e9curitaires et terroristes et aux d\u00e9r\u00e8glements climatiques, qui touchent le Continent africain comme le reste du monde, que ceux inh\u00e9rents \u00e0 la question migratoire, a-t-il pr\u00e9cis\u00e9.<\/p>\n<p>Tous ces d\u00e9fis et ces probl\u00e8mes, a-t-il insist\u00e9, ne peuvent \u00eatre relev\u00e9s ou r\u00e9gl\u00e9s par un seul pays quels que soient les ressources dont il dispose.<\/p>\n<p>Il a ainsi soulign\u00e9 que la participation de responsables parlementaires africains \u00e0 ce conclave vise la concr\u00e9tisation d\u2019une \u00ab\u00a0vision partag\u00e9e\u00a0\u00bb permettant l\u2019intensification des efforts pour relever ces d\u00e9fis qui exigent une action de longue haleine et une coop\u00e9ration agissante, telles que mentionn\u00e9es dans les diff\u00e9rents rapports et analyses publi\u00e9s par les centres d\u2019\u00e9tudes \u00e0 travers le monde.<\/p>\n<p>Rappelant que le Maroc jouit aujourd\u2019hui d\u2019une place de choix dans le cadre des partenariats tiss\u00e9s avec les pays membres de l\u2019OSCE ou avec ceux du Continent africain o\u00f9 il se trouve profond\u00e9ment ancr\u00e9, M. Benchamach a affirm\u00e9 que le Royaume assume, sous la conduite \u00e9clair\u00e9e de SM le Roi Mohammed VI, le r\u00f4le de \u00ab\u00a0pont entre les deux Continents europ\u00e9en et africain afin d\u2019unifier les efforts pour faire face aux diff\u00e9rents enjeux et d\u00e9fis qui nous interpellent\u00a0\u00bb.<\/p>\n<p>Et de poursuivre que l\u2019institution l\u00e9gislative marocaine a r\u00e9alis\u00e9 un \u00ab\u00a0pr\u00e9cieux acquis\u00a0\u00bb dans le cadre des rapports privil\u00e9gi\u00e9s qu\u2019elle entretient avec cette prestigieuse Organisation europ\u00e9enne, en ce sens que le parlement marocain, qui jouit du statut de \u00ab\u00a0partenaire pour la coop\u00e9ration\u00a0\u00bb a r\u00e9ussi \u00e0 acc\u00e9der \u00e0 un statut plus avanc\u00e9 \u00e0 la faveur de la force de l\u2019action et du partenariat distingu\u00e9 et solide tiss\u00e9 avec l\u2019OSCE.<\/p>\n<p>Le Continent europ\u00e9en consid\u00e8re le Maroc comme \u00ab\u00a0partenaire cl\u00e9 et strat\u00e9gique\u00a0\u00bb dans le r\u00e8glement des questions qui se posent aujourd\u2019hui, a-t-il not\u00e9, soutenant que l\u2019organisation de la session d\u2019automne de l\u2019AP-OSCE, pour la premi\u00e8re fois au Maroc et sur le sol africain, vient conforter la place et le rayonnement du Royaume \u00e0 l\u2019\u00e9chelle internationale et ce, gr\u00e2ce \u00e0 la vision clairvoyante de SM le Roi concernant toutes les questions d\u2019actualit\u00e9 qui feront l\u2019objet des d\u00e9bats et des \u00e9changes lors de ce conclave de grande envergure (extr\u00e9misme, terrorisme, immigration irr\u00e9guli\u00e8re, changements climatiques\u2026).<\/p>\n<p>La Chambre des Conseillers accueille, du 4 au 6 octobre \u00e0\u00a0Marrakech, la session d\u2019automne de la 18\u00e8me Assembl\u00e9e Parlementaire de l\u2019OSCE, sous le th\u00e8me \u00ab\u00a0la promotion de la s\u00e9curit\u00e9 en M\u00e9diterran\u00e9e : r\u00f4le de l\u2019OSCE et de ses partenaires\u00a0\u00bb.<\/p>\n<p>Cet \u00e9v\u00e9nement phare repr\u00e9sente une \u00e9tape nouvelle dans la consolidation du statut de \u00ab\u00a0partenaire pour la coop\u00e9ration\u00a0\u00bb dont jouit l\u2019institution l\u00e9gislative marocaine aupr\u00e8s de l\u2019Assembl\u00e9e o\u00f9 si\u00e8gent 57 parlements membres.<\/p>\n<p>La 18\u00e8me session de l\u2019AP-OSCE sera marqu\u00e9e notamment par la pr\u00e9sentation de l\u2019exp\u00e9rience marocaine en mati\u00e8re de lutte contre l\u2019extr\u00e9misme, ainsi que par des discussions sur la promotion de la s\u00e9curit\u00e9 dans la r\u00e9gion m\u00e9diterran\u00e9enne et les d\u00e9fis li\u00e9s au d\u00e9veloppement \u00e9conomique, aux changements climatiques et \u00e0 la migration.<\/p>\n<\/div>\n<p>Auteur: Mohammed KOURSI<br \/>\n<a href=\"http:\/\/www.mapmarrakech.ma\/fr\/ap-osce-m-benchamach-tient-une-serie-dentretiens\/\">Cliquez ici pour lire l&rsquo;article depuis sa source.<\/a><\/p>\n","protected":false},"excerpt":{"rendered":"<p>Marrakech- Le Pr\u00e9sident de la Chambre des Conseillers, Hakim Benchamach, a eu, vendredi \u00e0 Marrakech, une s\u00e9rie d\u2019entretiens avec les pr\u00e9sidents de l\u2019Assembl\u00e9e Parlementaire de l\u2019Organisation pour la S\u00e9curit\u00e9 et la Coop\u00e9ration en Europe (AP-OSCE) et d\u2019institutions parlementaires africaines. Ainsi, M. Bechamach s\u2019est entretenu respectivement avec le Pr\u00e9sident de l\u2019AP-OSCE, George Tsereteli, le Pr\u00e9sident de [&hellip;]<\/p>\n","protected":false},"author":1788,"featured_media":0,"comment_status":"closed","ping_status":"closed","sticky":false,"template":"","format":"standard","meta":{"fifu_image_url":"","fifu_image_alt":"","footnotes":""},"categories":[54,76],"tags":[],"class_list":["post-63385","post","type-post","status-publish","format-standard","hentry","category-maroc","category-regions"],"_links":{"self":[{"href":"https:\/\/linitiative.ca\/International\/wp-json\/wp\/v2\/posts\/63385","targetHints":{"allow":["GET"]}}],"collection":[{"href":"https:\/\/linitiative.ca\/International\/wp-json\/wp\/v2\/posts"}],"about":[{"href":"https:\/\/linitiative.ca\/International\/wp-json\/wp\/v2\/types\/post"}],"author":[{"embeddable":true,"href":"https:\/\/linitiative.ca\/International\/wp-json\/wp\/v2\/users\/1788"}],"replies":[{"embeddable":true,"href":"https:\/\/linitiative.ca\/International\/wp-json\/wp\/v2\/comments?post=63385"}],"version-history":[{"count":0,"href":"https:\/\/linitiative.ca\/International\/wp-json\/wp\/v2\/posts\/63385\/revisions"}],"wp:attachment":[{"href":"https:\/\/linitiative.ca\/International\/wp-json\/wp\/v2\/media?parent=63385"}],"wp:term":[{"taxonomy":"category","embeddable":true,"href":"https:\/\/linitiative.ca\/International\/wp-json\/wp\/v2\/categories?post=63385"},{"taxonomy":"post_tag","embeddable":true,"href":"https:\/\/linitiative.ca\/International\/wp-json\/wp\/v2\/tags?post=63385"}],"curies":[{"name":"wp","href":"https:\/\/api.w.org\/{rel}","templated":true}]}}