{"id":63386,"date":"2019-10-05T07:32:56","date_gmt":"2019-10-05T11:32:56","guid":{"rendered":"https:\/\/linitiative.ca\/International\/le-festival-nuits-photographiques-fete-ses-4-ans\/"},"modified":"2019-10-05T07:32:56","modified_gmt":"2019-10-05T11:32:56","slug":"le-festival-nuits-photographiques-fete-ses-4-ans","status":"publish","type":"post","link":"https:\/\/linitiative.ca\/International\/le-festival-nuits-photographiques-fete-ses-4-ans\/","title":{"rendered":"Le Festival \u00ab\u00a0Nuits Photographiques\u00a0\u00bb f\u00eate ses 4 ans"},"content":{"rendered":"<div readability=\"38\">\n<p>Essaouira- Le Festival \u00ab\u00a0Nuits Photographiques d\u2019Essaouira\u00a0\u00bb (NPE-2019), un \u00e9v\u00e9nement \u00e9clectique tourn\u00e9 vers le grand public, via une fen\u00eatre sur l\u2019Afrique et la M\u00e9diterran\u00e9e, a souffl\u00e9 sa 4\u00e8 bougie, jeudi \u00e0 Essaouira.<\/p>\n<\/div>\n<div readability=\"184\">\n<p>La s\u00e9ance inaugurale de ce rendez-vous annuel a \u00e9t\u00e9 ponctu\u00e9e par l\u2019organisation au Centre Associatif et Culturel (Agenda 21), d\u2019un vernissage collectif grandiose et riche en couleurs, le temps de donner aux festivaliers un avant-go\u00fbt, en venant nombreux d\u00e9couvrir une collection de photographies de l\u2019ensemble des artistes participants \u00e0 cette nouvelle \u00e9dition.<\/p>\n<p>Cet \u00e9v\u00e9nement remarquable de l\u2019art photographique, qui se poursuivra jusqu\u2019au 5 octobre, se veut un festival convivial anim\u00e9 par des photographes pour des photographes amateurs comme professionnels.<\/p>\n<p>Il s\u2019agit, selon ses initiateurs, d\u2019un v\u00e9ritable espace de rencontres pour les acteurs du monde de la photographie au Maroc.<\/p>\n<p>\u00ab\u00a0La particularit\u00e9 de cette nouvelle \u00e9dition des Nuits Photographiques d\u2019Essaouira\u00a0c\u2019est sa vocation internationale et son ouverture sur des photographes issus des quatre coins du monde, notamment de France, de Russie, d\u2019Alg\u00e9rie, du Rwanda, d\u2019Allemagne\u2026.etc\u00a0\u00bb, a confi\u00e9 \u00e0 la MAP, le directeur du Festival \u00ab\u00a0Nuits Photographiques d\u2019Essaouira\u00a0\u00bb, Hakim Benchakroun.<\/p>\n<p>Et de pr\u00e9ciser que cette 4\u00e8 \u00e9dition conna\u00eet la participation distingu\u00e9e d\u2019une cinquantaine de photographes au parcours professionnel riche et remarquable, notant que la s\u00e9lection s\u2019est faite sur la base de crit\u00e8res tr\u00e8s exigeants. Il a, en outre, \u00e9mis le voeu de voir ce rendez-vous s\u2019\u00e9largir davantage \u00e0 l\u2019avenir et renforcer sa vocation \u00e0 l\u2019international.<\/p>\n<p>M. Benchakroun n\u2019a pas manqu\u00e9 de souligner que pour une large diffusion de ce Festival aupr\u00e8s du public parmi les mordus de cet art chez les Souiris et les visiteurs de la cit\u00e9 des Aliz\u00e9s, l\u2019accent a \u00e9t\u00e9 mis sur la programmation de 7 grandes expositions dans diff\u00e9rents coins de la ville, ainsi que d\u2019autres expositions au sein d\u2019\u00e9tablissements h\u00f4teliers et touristiques partenaires du Festival.<\/p>\n<p>Les Nuits Photographiques d\u2019Essaouira\u00a0se fixent pour mission de faire conna\u00eetre \u00e0 un large public le meilleur de la photographie de l\u2019Afrique et de la M\u00e9diterran\u00e9e, de parvenir, \u00e0 l\u2019avenir, \u00e0 mettre\u00a0Essaouira\u00a0sur la carte des grands festivals de photographie du Continent, \u00e0 l\u2019instar des festivals \u00ab\u00a0Lagos photo\u00a0\u00bb, \u00ab\u00a0les Rencontres photographiques de Bamako\u00a0\u00bb et \u00ab\u00a0Addis Foto Fest\u00a0\u00bb, et de promouvoir des espaces et des instants de partage autour de cet art.<\/p>\n<p>Autrement, au-del\u00e0 de garantir une visibilit\u00e9 accrue aux jeunes talents d\u2019Afrique et de la M\u00e9diterran\u00e9e, ces Nuits ont au coeur de leur d\u00e9marche le d\u00e9sir de les accompagner mais \u00e9galement d\u2019initier le grand public au regard et \u00e0 la pratique de la photographie.<\/p>\n<p>Apr\u00e8s trois \u00e9ditions, l\u2019\u00e9quipe des Nuits Photographiques d\u2019Essaouira\u00a0ambitionne de donner un nouveau d\u00e9part et une autre envergure \u00e0 un festival qui a d\u00e9j\u00e0 su trouver sa place et son public sur la sc\u00e8ne marocaine.<\/p>\n<p>Cr\u00e9\u00e9es dans l\u2019esprit du festival des Nuits Photographiques de Pierrevert, les NPE est un \u00e9v\u00e9nement populaire mais \u00e9galement un espace privil\u00e9gi\u00e9 d\u2019\u00e9changes entre professionnels.<\/p>\n<p>Les Nuits ont su f\u00e9d\u00e9rer une communaut\u00e9 autour de la photographie au Maroc et sont devenues incontournables pour les photographes.<\/p>\n<p>Les NPE se sont aussi r\u00e9v\u00e9l\u00e9es comme un lieu privil\u00e9gi\u00e9 pour la photographie \u00e9mergente comme en t\u00e9moigne le succ\u00e8s de projets des laur\u00e9ats comme ceux de Yoriyas, Marc Belli et Hakim Benchekroun, qui ont \u00e9t\u00e9 r\u00e9v\u00e9l\u00e9s au grand public par le festival.<\/p>\n<p>En d\u2019autres termes, l\u2019objectif pour l\u2019\u00e9dition 2019 est de recentrer l\u2019organisation au Maroc et une s\u00e9lection plus ouverte \u00e0 l\u2019international.<\/p>\n<p>Au menu de cette nouvelle \u00e9dition, figure un Concours autour d\u2019une soir\u00e9e-projection dans l\u2019espace public, surtout apr\u00e8s la consolidation ces trois derni\u00e8res ann\u00e9es, gr\u00e2ce aux NPE, d\u2019une sc\u00e8ne marocaine en plein essor, tout en proposant des regards nouveaux.<\/p>\n<p>Ainsi, dans la continuit\u00e9 de cette d\u00e9marche, cette nouvelle \u00e9dition prend le pari de mettre en avant la photographie comme forme d\u2019engagement. L\u2019ambition est donc d\u2019encourager le traitement de th\u00e9matiques fortes, tout en valorisant particuli\u00e8rement la coh\u00e9rence plastique et narrative des projets, explique-t-on.<\/p>\n<p>En r\u00e9alit\u00e9, il s\u2019agit d\u2019une excellente opportunit\u00e9 de montrer de la photographie autrement et ce, en encourageant davantage la diversit\u00e9 des dispositifs et des projets (projets multim\u00e9dias, de photojournalisme autour de d\u00e9marches artistiques contemporaines etc. )<\/p>\n<p>Ainsi, le dispositif central du festival concernant la soir\u00e9e de projection prend place sur les murailles de la place Moulay El Hassan, en proposant de montrer les projets de 50 photographes dans des films de moins de 5 minutes, m\u00ealant musique et photographie. C\u2019est \u00e0 la suite des projections que le jury se r\u00e9unit et distingue les laur\u00e9ats.<\/p>\n<p>Les festivaliers seront \u00e9galement au rendez-vous avec une exposition collective pr\u00e9vue au Borj Bab Marrakech, et qui porte l\u2019ambition de rassembler et de mettre en avant des talents.<\/p>\n<p>Au programme figure aussi une Lecture PortFolio, une occasion pour des photographes d\u2019avoir un moment privil\u00e9gi\u00e9 avec un professionnel de l\u2019image afin de pr\u00e9senter et discuter leur travail. Il s\u2019agit \u00e9galement d\u2019une mani\u00e8re pour les professionnels de l\u2019image de rep\u00e9rer les talents \u00e9mergents.<\/p>\n<p>Le public sera aussi convi\u00e9 \u00e0 une s\u00e9rie d\u2019ateliers et de conf\u00e9rences d\u00e9di\u00e9s aux photographes aguerris. Cette ann\u00e9e, l\u2019accent sera mis sur la remise au go\u00fbt du jour de pratiques dites \u00ab\u00a0anciennes\u00a0\u00bb et de savoir-faire originaux.<\/p>\n<p>L\u2019espace de Dar Souiri, quant \u00e0 lui, abritera la grande exposition monographique de Khalil Nemmaoui, comme parrain de cette nouvelle \u00e9dition des NPE.<\/p>\n<p>A l\u2019institut Fran\u00e7ais de la cit\u00e9 des Aliz\u00e9s, le photographe au grand talent et de renomm\u00e9e internationale, Hans Silvester, aura l\u2019occasion de rencontrer un public nombreux, le temps de t\u00e9moigner de sa trajectoire et de lui pr\u00e9senter les peuples Massai.<\/p>\n<p>Cr\u00e9\u00e9es \u00e0 l\u2019initiative du photographe St\u00e9phane Kossmann en 2016, les Nuits Photographiques d\u2019Essaouira\u00a0portent l\u2019ambition de cr\u00e9er un espace de dialogue et de partage autour de la photographie contemporaine, rappelle-t-on.<\/p>\n<\/div>\n<p>Auteur: Mohammed KOURSI<br \/>\n<a href=\"http:\/\/www.mapmarrakech.ma\/fr\/le-festival-nuits-photographiques-fete-ses-4-ans\/\">Cliquez ici pour lire l&rsquo;article depuis sa source.<\/a><\/p>\n","protected":false},"excerpt":{"rendered":"<p>Essaouira- Le Festival \u00ab\u00a0Nuits Photographiques d\u2019Essaouira\u00a0\u00bb (NPE-2019), un \u00e9v\u00e9nement \u00e9clectique tourn\u00e9 vers le grand public, via une fen\u00eatre sur l\u2019Afrique et la M\u00e9diterran\u00e9e, a souffl\u00e9 sa 4\u00e8 bougie, jeudi \u00e0 Essaouira. La s\u00e9ance inaugurale de ce rendez-vous annuel a \u00e9t\u00e9 ponctu\u00e9e par l\u2019organisation au Centre Associatif et Culturel (Agenda 21), d\u2019un vernissage collectif grandiose et [&hellip;]<\/p>\n","protected":false},"author":1788,"featured_media":0,"comment_status":"closed","ping_status":"closed","sticky":false,"template":"","format":"standard","meta":{"fifu_image_url":"","fifu_image_alt":"","footnotes":""},"categories":[54,76],"tags":[],"class_list":["post-63386","post","type-post","status-publish","format-standard","hentry","category-maroc","category-regions"],"_links":{"self":[{"href":"https:\/\/linitiative.ca\/International\/wp-json\/wp\/v2\/posts\/63386","targetHints":{"allow":["GET"]}}],"collection":[{"href":"https:\/\/linitiative.ca\/International\/wp-json\/wp\/v2\/posts"}],"about":[{"href":"https:\/\/linitiative.ca\/International\/wp-json\/wp\/v2\/types\/post"}],"author":[{"embeddable":true,"href":"https:\/\/linitiative.ca\/International\/wp-json\/wp\/v2\/users\/1788"}],"replies":[{"embeddable":true,"href":"https:\/\/linitiative.ca\/International\/wp-json\/wp\/v2\/comments?post=63386"}],"version-history":[{"count":0,"href":"https:\/\/linitiative.ca\/International\/wp-json\/wp\/v2\/posts\/63386\/revisions"}],"wp:attachment":[{"href":"https:\/\/linitiative.ca\/International\/wp-json\/wp\/v2\/media?parent=63386"}],"wp:term":[{"taxonomy":"category","embeddable":true,"href":"https:\/\/linitiative.ca\/International\/wp-json\/wp\/v2\/categories?post=63386"},{"taxonomy":"post_tag","embeddable":true,"href":"https:\/\/linitiative.ca\/International\/wp-json\/wp\/v2\/tags?post=63386"}],"curies":[{"name":"wp","href":"https:\/\/api.w.org\/{rel}","templated":true}]}}