{"id":63387,"date":"2019-10-05T11:33:20","date_gmt":"2019-10-05T15:33:20","guid":{"rendered":"https:\/\/linitiative.ca\/International\/le-choix-de-delocaliser-lap-osce-est-judicieux\/"},"modified":"2019-10-05T11:33:20","modified_gmt":"2019-10-05T15:33:20","slug":"le-choix-de-delocaliser-lap-osce-est-judicieux","status":"publish","type":"post","link":"https:\/\/linitiative.ca\/International\/le-choix-de-delocaliser-lap-osce-est-judicieux\/","title":{"rendered":"Le choix de d\u00e9localiser l\u2019AP-OSCE est \u00ab\u00a0judicieux\u00a0\u00bb"},"content":{"rendered":"<div readability=\"39\">\n<p>Marrakech\u2013 Le choix de d\u00e9localiser la tenue de l\u2019Assembl\u00e9e Parlementaire de l\u2019Organisation pour la S\u00e9curit\u00e9 et la Coop\u00e9ration en Europe (AP-OSCE) dans un pays partenaire comme le Maroc est \u00ab\u00a0bien r\u00e9fl\u00e9chi\u00a0\u00bb et \u00ab\u00a0judicieux\u00a0\u00bb, a indiqu\u00e9, vendredi \u00e0 Marrakech, la pr\u00e9sidente du conseil de la r\u00e9gion de Guelmim-Oued Noun, Mbarka Bouaida.<\/p>\n<\/div>\n<div readability=\"144\">\n<p>\u00ab\u00a0Ce choix de d\u00e9localiser cette r\u00e9union dans un pays partenaire comme le Maroc est bien r\u00e9fl\u00e9chi, certes, mais aussi judicieux car nous partageons tous les m\u00eames soucis, les m\u00eames d\u00e9fis et les m\u00eames challenges\u00a0\u00bb, a-t-elle dit lors de la premi\u00e8re session ax\u00e9e sur \u00ab\u00a0L\u2019OSCE et la coop\u00e9ration r\u00e9gionale africaine pour l\u2019innovation et l\u2019\u00e9change de bonnes pratiques\u00a0\u00bb, organis\u00e9e dans le cadre des travaux de la session d\u2019automne de la 18\u00e8me AP-OSCE.<\/p>\n<p>La tenue de cette Assembl\u00e9e au Maroc et pour la premi\u00e8re fois en dehors de l\u2019espace g\u00e9ographique de l\u2019organisation \u00ab\u00a0est, certes, une premi\u00e8re mais qui doit \u00eatre aussi le d\u00e9but d\u2019une tradition \u00e0 consacrer\u00a0\u00bb, a-t-elle ajout\u00e9.<\/p>\n<p>Mme Bouaida a, d\u2019autre part, soulign\u00e9 que \u00ab\u00a0la distinction qu\u2019on faisait entre les pays du Sud et ceux du Nord a de moins en moins de sens car nos soucis sont les m\u00eames et nos populations vivent les m\u00eames probl\u00e8mes et nous partageons des sujets importants comme la s\u00e9curit\u00e9 et la migration\u00a0\u00bb.<\/p>\n<p>Et de poursuivre qu\u2019il s\u2019agit de sujets \u00ab\u00a0transnationaux qui d\u00e9passent cette approche classique de pays du nord et du sud ou de pays du pourtour m\u00e9diterran\u00e9en\u00a0\u00bb. Ce sont des enjeux communs qui \u00ab\u00a0rendent le monde beaucoup plus petit\u00a0\u00bb, a-t-elle poursuivi.<\/p>\n<p>Elle a, dans la foul\u00e9e, insist\u00e9 sur la n\u00e9cessit\u00e9 de consolider l\u2019\u00e9change et le dialogue entre Etats, Organisations et aussi entre personnes et r\u00e9gions car, a-t-elle expliqu\u00e9, \u00ab\u00a0tout se passe dans la proximit\u00e9\u00a0\u00bb.<\/p>\n<p>Pour Mme Bouaida, \u00ab\u00a0ce que nous vivons aujourd\u2019hui est la cons\u00e9quence de la mondialisation, certes, mais pas uniquement. C\u2019est la cons\u00e9quence aussi d\u2019un ensemble de mutations\u00a0\u00bb.<\/p>\n<p>Elle a, dans ce sillage, not\u00e9 que le Maroc est pass\u00e9 d\u2019un pays de transit et exportateur de migrants \u00e0 une \u00ab\u00a0terre d\u2019accueil\u00a0\u00bb, notant que c\u2019est dans ce sens que SM le Roi Mohammed VI avait annonc\u00e9 la politique nationale pour la migration qui a donn\u00e9 lieu \u00e0 la r\u00e9gularisation \u00e0 des dizaines de milliers de migrants dans le Royaume.<\/p>\n<p>Mme Bouaida a, en outre, fait observer que ces sujets et ph\u00e9nom\u00e8nes qui pr\u00e9occupent le monde sont des sujets qui n\u00e9cessitent d\u2019\u00eatre trait\u00e9s dans la proximit\u00e9 au niveau local.<\/p>\n<p>\u00ab\u00a0Et c\u2019est l\u00e0 l\u2019int\u00e9r\u00eat et l\u2019importance d\u2019une d\u00e9centralisation, \u00e0 la fois des d\u00e9cisions \u00e9tatiques mais aussi des \u00e9changes avec les populations, les acteurs et les d\u00e9cideurs\u00a0\u00bb, a-t-elle pr\u00e9cis\u00e9.<\/p>\n<p>Rappelant que le Maroc a entam\u00e9 cette exp\u00e9rience de r\u00e9gionalisation avanc\u00e9e en 2015, Mme Bouaida a indiqu\u00e9 que l\u2019id\u00e9e est de d\u00e9velopper des r\u00e9gions capables d\u2019avoir une autonomie financi\u00e8re, d\u2019int\u00e9grer ses populations, de cr\u00e9er de l\u2019emploi et de r\u00e9duire les disparit\u00e9s r\u00e9gionales, mettant l\u2019accent sur l\u2019importance de la d\u00e9concentration et de la bonne gouvernance.<\/p>\n<p>C\u2019est l\u00e0 le d\u00e9fi de tous les politiciens, a-t-elle fait observer, plaidant en faveur d\u2019une meilleure coop\u00e9ration et d\u2019un meilleur \u00e9change des pratiques pour r\u00e9ussir ce pari.<\/p>\n<p>Pour leur part, des parlementaires et participants \u00e0 cette session ont insist\u00e9 sur l\u2019imp\u00e9ratif du renforcement de la coop\u00e9ration et des \u00e9changes dans les domaines d\u2019int\u00e9r\u00eat commun (migration, s\u00e9curit\u00e9, cyber-s\u00e9curit\u00e9, Droits de l\u2019Homme,\u2026), tout en passant en revue les efforts de leurs pays respectifs en faveur de la coop\u00e9ration Nord-Sud.<\/p>\n<p>Ils ont \u00e9galement mis l\u2019accent sur la n\u00e9cessit\u00e9 d\u2019accorder davantage d\u2019int\u00e9r\u00eat aux femmes afin de leur assurer une meilleure contribution au d\u00e9veloppement de leurs pays et favoriser leur autonomisation en tant que \u00ab\u00a0force vitale\u00a0\u00bb pour faire face \u00e0 ces d\u00e9fis et r\u00e9aliser le d\u00e9veloppement escompt\u00e9.<\/p>\n<p>La Chambre des Conseillers accueille, du 4 au 6 octobre \u00e0\u00a0Marrakech, la session d\u2019automne de la 18\u00e8me AP-OSCE, sous le th\u00e8me \u00ab\u00a0la promotion de la s\u00e9curit\u00e9 en M\u00e9diterran\u00e9e: r\u00f4le de l\u2019OSCE et de ses partenaires\u00a0\u00bb.<\/p>\n<p>La tenue de cette Assembl\u00e9e pour la premi\u00e8re fois en dehors de l\u2019espace g\u00e9ographique de l\u2019organisation vient couronner les relations solides de coop\u00e9ration tiss\u00e9es entre le Parlement marocain et l\u2019AP-OSCE.<\/p>\n<p>Cet \u00e9v\u00e9nement repr\u00e9sente aussi une \u00e9tape nouvelle dans la consolidation du statut de \u00ab\u00a0partenaire pour la coop\u00e9ration\u00a0\u00bb dont jouit l\u2019institution l\u00e9gislative marocaine aupr\u00e8s de l\u2019Assembl\u00e9e o\u00f9 si\u00e8gent 57 parlements membres.<\/p>\n<p>L\u2019organisation de cette session d\u2019automne dans la cit\u00e9 ocre est une reconnaissance de la place de choix qu\u2019occupe le Maroc dans l\u2019espace m\u00e9diterran\u00e9en, ainsi qu\u2019en termes de dialogue strat\u00e9gique Nord-Sud et Sud-Sud.<\/p>\n<\/div>\n<p>Auteur: Mohammed KOURSI<br \/>\n<a href=\"http:\/\/www.mapmarrakech.ma\/fr\/le-choix-de-delocaliser-lap-osce-est-judicieux\/\">Cliquez ici pour lire l&rsquo;article depuis sa source.<\/a><\/p>\n","protected":false},"excerpt":{"rendered":"<p>Marrakech\u2013 Le choix de d\u00e9localiser la tenue de l\u2019Assembl\u00e9e Parlementaire de l\u2019Organisation pour la S\u00e9curit\u00e9 et la Coop\u00e9ration en Europe (AP-OSCE) dans un pays partenaire comme le Maroc est \u00ab\u00a0bien r\u00e9fl\u00e9chi\u00a0\u00bb et \u00ab\u00a0judicieux\u00a0\u00bb, a indiqu\u00e9, vendredi \u00e0 Marrakech, la pr\u00e9sidente du conseil de la r\u00e9gion de Guelmim-Oued Noun, Mbarka Bouaida. \u00ab\u00a0Ce choix de d\u00e9localiser cette [&hellip;]<\/p>\n","protected":false},"author":1788,"featured_media":0,"comment_status":"closed","ping_status":"closed","sticky":false,"template":"","format":"standard","meta":{"fifu_image_url":"","fifu_image_alt":"","footnotes":""},"categories":[54,76],"tags":[],"class_list":["post-63387","post","type-post","status-publish","format-standard","hentry","category-maroc","category-regions"],"_links":{"self":[{"href":"https:\/\/linitiative.ca\/International\/wp-json\/wp\/v2\/posts\/63387","targetHints":{"allow":["GET"]}}],"collection":[{"href":"https:\/\/linitiative.ca\/International\/wp-json\/wp\/v2\/posts"}],"about":[{"href":"https:\/\/linitiative.ca\/International\/wp-json\/wp\/v2\/types\/post"}],"author":[{"embeddable":true,"href":"https:\/\/linitiative.ca\/International\/wp-json\/wp\/v2\/users\/1788"}],"replies":[{"embeddable":true,"href":"https:\/\/linitiative.ca\/International\/wp-json\/wp\/v2\/comments?post=63387"}],"version-history":[{"count":0,"href":"https:\/\/linitiative.ca\/International\/wp-json\/wp\/v2\/posts\/63387\/revisions"}],"wp:attachment":[{"href":"https:\/\/linitiative.ca\/International\/wp-json\/wp\/v2\/media?parent=63387"}],"wp:term":[{"taxonomy":"category","embeddable":true,"href":"https:\/\/linitiative.ca\/International\/wp-json\/wp\/v2\/categories?post=63387"},{"taxonomy":"post_tag","embeddable":true,"href":"https:\/\/linitiative.ca\/International\/wp-json\/wp\/v2\/tags?post=63387"}],"curies":[{"name":"wp","href":"https:\/\/api.w.org\/{rel}","templated":true}]}}