{"id":63389,"date":"2019-10-05T12:27:17","date_gmt":"2019-10-05T16:27:17","guid":{"rendered":"https:\/\/linitiative.ca\/International\/adrar-plaidoyer-pour-le-respect-des-phases-de-traitement-des-cancereux\/"},"modified":"2019-10-05T12:27:17","modified_gmt":"2019-10-05T16:27:17","slug":"adrar-plaidoyer-pour-le-respect-des-phases-de-traitement-des-cancereux","status":"publish","type":"post","link":"https:\/\/linitiative.ca\/International\/adrar-plaidoyer-pour-le-respect-des-phases-de-traitement-des-cancereux\/","title":{"rendered":"Adrar : plaidoyer pour le respect des phases de traitement des canc\u00e9reux"},"content":{"rendered":"<div>\n<div class=\"K2FeedImage\"><img decoding=\"async\" src=\"http:\/\/www.aps.dz\/media\/k2\/items\/cache\/4f2c718216d2720427c014adf6ed2460_S.jpg\" alt=\"Adrar : plaidoyer pour le respect des phases de traitement des canc\u00e9reux\"><\/div>\n<div class=\"K2FeedIntroText\">\n<p><strong>\u00a0ADRAR- Les participants aux journ\u00e9es de formation sur le fonctionnement et la gestion du service d\u2019oncologie ouvertes, samedi \u00e0 Adrar, ont plaid\u00e9 pour le n\u00e9cessaire respect des diff\u00e9rentes phases de traitement pour les canc\u00e9reux.<\/strong><\/p>\n<\/div>\n<div class=\"K2FeedFullText\">\n<p>Initi\u00e9e par l\u2019association caritative d\u2019aides aux canc\u00e9reux \u00ab\u00a0El-Ghith El-Qadim\u00a0\u00bb en direction des corps m\u00e9dical et param\u00e9dical, cette rencontre, qui a eu pour cadre le si\u00e8ge du centre anticanc\u00e9reux d\u2019Adrar, a permis aux encadreurs de pr\u00e9senter des instructions et conseils ayant trait aux mesures de traitement des canc\u00e9reux, de la consultation, d\u00e9pistage au traitement et la prise en charge psychologique des patients.<\/p>\n<blockquote>\n<p><em><strong>Les intervenants, experts du centre anticanc\u00e9reux \u00ab\u00a0Pierre Marie Curie\u00a0\u00bb d\u2019Alger, ont, \u00e0 ce titre, pass\u00e9 en revue les volets li\u00e9s au r\u00f4le du patient, les conditions de prise en charge des patients soumis au traitement par chimioth\u00e9rapie, l\u2019\u00e9ducation th\u00e9rapeutique et les voies de traitement des canc\u00e9reux aux stades avanc\u00e9s.<\/strong><\/em><\/p>\n<\/blockquote>\n<p>Les meilleures m\u00e9thodes du lancement du traitement de chimioth\u00e9rapie et de radioth\u00e9rapie, la pr\u00e9paration du malade aux s\u00e9ances de traitement, le r\u00f4le de diagnostic pour l\u2019orientation appropri\u00e9e des canc\u00e9reux en fonction des cas malades et la quantit\u00e9 des doses d\u2019injections \u00e0 prodiguer aux malades, ont aussi \u00e9t\u00e9 \u00e9voqu\u00e9s lors de cette rencontre de deux jours.<\/p>\n<hr>\n<p>Lire aussi :<a href=\"http:\/\/www.aps.dz\/sante-science-technologie\/95069-l-imperatif-du-depistage-precoce-du-cancer\">\u00a0L&rsquo;imp\u00e9ratif du d\u00e9pistage pr\u00e9coce du cancer<\/a><\/p>\n<hr>\n<div class=\"itemToolbar\">\u00a0<\/div>\n<div class=\"itemToolbar\">Dans ce cadre, le contr\u00f4leur g\u00e9n\u00e9ral charg\u00e9 de la communication \u00e0 l\u2019\u00e9tablissement hospitalier sp\u00e9cialis\u00e9 dans le traitement des canc\u00e9reux, M. Azzouz Noureddine, a d\u00e9clar\u00e9 que cette rencontre a \u00e9t\u00e9 mise \u00e0 profit pour pr\u00e9senter les derni\u00e8res d\u00e9couvertes m\u00e9dicales r\u00e9alis\u00e9es dans le traitement des canc\u00e9reux.<\/div>\n<p>Cette rencontre s\u2019assigne comme objectifs le perfectionnement du niveau professionnel des corps m\u00e9dical et param\u00e9dical et l\u2019am\u00e9lioration des prestations m\u00e9dicales sp\u00e9cialis\u00e9es, a indiqu\u00e9 le pr\u00e9sident de l\u2019association \u00ab\u00a0El-Ghith El-Qadim\u00a0\u00bb, Toumi Abderrahmane.<\/p>\n<p>Cette initiative intervient la veille de la mise en exploitation,dimanche, du service d\u2019oncologie au centre anticanc\u00e9reux (CAC) d\u2019Adrar apr\u00e8s son encadrement en ressources humaines sp\u00e9cialis\u00e9es et l\u2019\u00e9quipement de cette structure en moyens m\u00e9dicaux n\u00e9cessaires, a fait savoir le directeur du CAC, Abdallah Bahti.<\/p>\n<p>\u00a0<\/p>\n<\/div>\n<\/div>\n<p>Auteur:<br \/>\n<a href=\"http:\/\/www.aps.dz\/regions\/95238-adrar-plaidoyer-pour-le-respect-des-phases-de-traitement-des-cancereux\">Cliquez ici pour lire l&rsquo;article depuis sa source.<\/a><\/p>\n","protected":false},"excerpt":{"rendered":"<p>\u00a0ADRAR- Les participants aux journ\u00e9es de formation sur le fonctionnement et la gestion du service d\u2019oncologie ouvertes, samedi \u00e0 Adrar, ont plaid\u00e9 pour le n\u00e9cessaire respect des diff\u00e9rentes phases de traitement pour les canc\u00e9reux. Initi\u00e9e par l\u2019association caritative d\u2019aides aux canc\u00e9reux \u00ab\u00a0El-Ghith El-Qadim\u00a0\u00bb en direction des corps m\u00e9dical et param\u00e9dical, cette rencontre, qui a eu [&hellip;]<\/p>\n","protected":false},"author":1790,"featured_media":63390,"comment_status":"closed","ping_status":"closed","sticky":false,"template":"","format":"standard","meta":{"fifu_image_url":"","fifu_image_alt":"","footnotes":""},"categories":[53,76],"tags":[],"class_list":["post-63389","post","type-post","status-publish","format-standard","has-post-thumbnail","hentry","category-algerie","category-regions"],"_links":{"self":[{"href":"https:\/\/linitiative.ca\/International\/wp-json\/wp\/v2\/posts\/63389","targetHints":{"allow":["GET"]}}],"collection":[{"href":"https:\/\/linitiative.ca\/International\/wp-json\/wp\/v2\/posts"}],"about":[{"href":"https:\/\/linitiative.ca\/International\/wp-json\/wp\/v2\/types\/post"}],"author":[{"embeddable":true,"href":"https:\/\/linitiative.ca\/International\/wp-json\/wp\/v2\/users\/1790"}],"replies":[{"embeddable":true,"href":"https:\/\/linitiative.ca\/International\/wp-json\/wp\/v2\/comments?post=63389"}],"version-history":[{"count":0,"href":"https:\/\/linitiative.ca\/International\/wp-json\/wp\/v2\/posts\/63389\/revisions"}],"wp:featuredmedia":[{"embeddable":true,"href":"https:\/\/linitiative.ca\/International\/wp-json\/"}],"wp:attachment":[{"href":"https:\/\/linitiative.ca\/International\/wp-json\/wp\/v2\/media?parent=63389"}],"wp:term":[{"taxonomy":"category","embeddable":true,"href":"https:\/\/linitiative.ca\/International\/wp-json\/wp\/v2\/categories?post=63389"},{"taxonomy":"post_tag","embeddable":true,"href":"https:\/\/linitiative.ca\/International\/wp-json\/wp\/v2\/tags?post=63389"}],"curies":[{"name":"wp","href":"https:\/\/api.w.org\/{rel}","templated":true}]}}