{"id":63392,"date":"2019-10-05T15:14:08","date_gmt":"2019-10-05T19:14:08","guid":{"rendered":"https:\/\/linitiative.ca\/International\/international-tottenham-ca-ne-sarrange-pas-pour-hugo-lloris\/"},"modified":"2019-10-05T15:14:08","modified_gmt":"2019-10-05T19:14:08","slug":"international-tottenham-ca-ne-sarrange-pas-pour-hugo-lloris","status":"publish","type":"post","link":"https:\/\/linitiative.ca\/International\/international-tottenham-ca-ne-sarrange-pas-pour-hugo-lloris\/","title":{"rendered":"International : Tottenham : Ca ne s&rsquo;arrange pas pour Hugo Lloris&#8230;"},"content":{"rendered":"<div readability=\"32\">\n<p>Auteur : <span class=\"time\">samedi 05 octobre 2019 12:58<\/span><\/p>\n<\/div>\n<div id=\"post_core\" readability=\"42\">\n<p>Emport\u00e9 par son \u00e9lan vers son but, le portier fran\u00e7ais rel\u00e2che le cuir devant sa ligne mais permet \u00e0 l\u2019attaquant fran\u00e7ais Neal Maupay de marquer dans le but vide comme l&rsquo;indique Footmercato.<\/p>\n<p>Les d\u00e9boires du capitaine des Bleus ne s\u2019arr\u00eatent pas l\u00e0 car en tombant, il s\u2019est compl\u00e8tement retourn\u00e9 le coude gauche. Rest\u00e9 de longues minutes au sol, il a fini par \u00eatre \u00e9vacu\u00e9 sur civi\u00e8re et sous assistance respiratoire, puis a \u00e9t\u00e9 remplac\u00e9 par Paulo Gazzaniga. Une grave blessure est \u00e0 craindre pour le joueur de 32 ans.<\/p>\n<p><iframe loading=\"lazy\" allow=\"accelerometer; autoplay; encrypted-media; gyroscope; picture-in-picture\" allowfullscreen=\"\" frameborder=\"0\" height=\"315\" src=\"https:\/\/www.youtube.com\/embed\/2flzWuBHTWY\" width=\"560\">[embedded content]<\/iframe><\/p>\n<p><strong>Publi\u00e9 dans :<\/strong> <span>Tottenham<\/span><\/p>\n<\/div>\n<p>Auteur:<br \/>\n<a href=\"http:\/\/www.lebuteur.com\/article\/detail?titre=tottenham-ca-ne-sarrange-pas-pour-hugo-lloris&#038;id=92116&#038;utm_source=feedburner&#038;utm_medium=feed&#038;utm_campaign=Feed%3A+GalerieFArtciles+%28Les+derniers+articles++-+lebuteur.com%29\">Cliquez ici pour lire l&rsquo;article depuis sa source.<\/a><\/p>\n","protected":false},"excerpt":{"rendered":"<p>Auteur : samedi 05 octobre 2019 12:58 Emport\u00e9 par son \u00e9lan vers son but, le portier fran\u00e7ais rel\u00e2che le cuir devant sa ligne mais permet \u00e0 l\u2019attaquant fran\u00e7ais Neal Maupay de marquer dans le but vide comme l&rsquo;indique Footmercato. Les d\u00e9boires du capitaine des Bleus ne s\u2019arr\u00eatent pas l\u00e0 car en tombant, il s\u2019est compl\u00e8tement [&hellip;]<\/p>\n","protected":false},"author":1738,"featured_media":63393,"comment_status":"closed","ping_status":"closed","sticky":false,"template":"","format":"standard","meta":{"fifu_image_url":"","fifu_image_alt":"","footnotes":""},"categories":[53,75],"tags":[],"class_list":["post-63392","post","type-post","status-publish","format-standard","has-post-thumbnail","hentry","category-algerie","category-sport"],"_links":{"self":[{"href":"https:\/\/linitiative.ca\/International\/wp-json\/wp\/v2\/posts\/63392","targetHints":{"allow":["GET"]}}],"collection":[{"href":"https:\/\/linitiative.ca\/International\/wp-json\/wp\/v2\/posts"}],"about":[{"href":"https:\/\/linitiative.ca\/International\/wp-json\/wp\/v2\/types\/post"}],"author":[{"embeddable":true,"href":"https:\/\/linitiative.ca\/International\/wp-json\/wp\/v2\/users\/1738"}],"replies":[{"embeddable":true,"href":"https:\/\/linitiative.ca\/International\/wp-json\/wp\/v2\/comments?post=63392"}],"version-history":[{"count":0,"href":"https:\/\/linitiative.ca\/International\/wp-json\/wp\/v2\/posts\/63392\/revisions"}],"wp:featuredmedia":[{"embeddable":true,"href":"https:\/\/linitiative.ca\/International\/wp-json\/"}],"wp:attachment":[{"href":"https:\/\/linitiative.ca\/International\/wp-json\/wp\/v2\/media?parent=63392"}],"wp:term":[{"taxonomy":"category","embeddable":true,"href":"https:\/\/linitiative.ca\/International\/wp-json\/wp\/v2\/categories?post=63392"},{"taxonomy":"post_tag","embeddable":true,"href":"https:\/\/linitiative.ca\/International\/wp-json\/wp\/v2\/tags?post=63392"}],"curies":[{"name":"wp","href":"https:\/\/api.w.org\/{rel}","templated":true}]}}