{"id":63398,"date":"2019-10-05T15:14:13","date_gmt":"2019-10-05T19:14:13","guid":{"rendered":"https:\/\/linitiative.ca\/International\/ligue-1-2-mca-benaldjia-on-empochera-la-totalite-des-points-face-a-magra\/"},"modified":"2019-10-05T15:14:13","modified_gmt":"2019-10-05T19:14:13","slug":"ligue-1-2-mca-benaldjia-on-empochera-la-totalite-des-points-face-a-magra","status":"publish","type":"post","link":"https:\/\/linitiative.ca\/International\/ligue-1-2-mca-benaldjia-on-empochera-la-totalite-des-points-face-a-magra\/","title":{"rendered":"Ligue 1 &amp; 2 : MCA : Benaldjia \u00abOn empochera la totalit\u00e9 des points face \u00e0 Magra\u00bb"},"content":{"rendered":"<div readability=\"32\">\n<p>Auteur : <span>M. L.<\/span> <span class=\"time\">samedi 05 octobre 2019 17:32<\/span><\/p>\n<\/div>\n<div id=\"post_core\" readability=\"61\">\n<p><strong>D\u2019abord, comment est l\u2019ambiance au sein du groupe, apr\u00e8s votre qualification face \u00e0 Dhofar d\u2019Oman ?<\/strong><br \/>Sur le plan psychologique, tout se passe \u00e0 merveille. Vous savez, lorsque les r\u00e9sultats se suivent, l\u2019ambiance est toujours parfaite et il y r\u00e8gne ainsi de la bonne humeur entre les joueurs. En plus, un grand club comme le MCA est bien parti pour r\u00e9ussir une meilleure saison. Ainsi, on doit imp\u00e9rativement prolonger cette belle s\u00e9rie. Sur le plan physique, le groupe est \u00e9puis\u00e9 \u00e0 l\u2019issue du p\u00e9riple d\u2019Oman et ressent toujours une certaine fatigue, m\u00eame si on a ax\u00e9 notre travail sur la r\u00e9cup\u00e9ration. On fait en sorte de bien dormir et d\u2019\u00eatre pr\u00eats mentalement pour la reprise du championnat.\u00a0<br \/><strong>Vous ne craignez pas que la fatigue soit un handicap samedi ?<\/strong><br \/>Nous, les joueurs, on aurait aim\u00e9 que le match de Magra soit repouss\u00e9 d\u2019un ou de deux jours, afin de r\u00e9cup\u00e9rer nos forces. On aurait souhait\u00e9 \u00eatre en possession de tous nos moyens physiques et techniques, \u00e0 l\u2019occasion de cette empoignade face \u00e0 Magra. Mais la Ligue a d\u00e9cid\u00e9 que le match se joue samedi \u00e0 S\u00e9tif, nous n\u2019avons qu\u2019\u00e0 nous plier \u00e0 cette programmation. On doit ainsi relever le d\u00e9fi et faire encore des sacrifices pour passer le cap de Magra. Du coup, on ne doit, en aucun cas, c\u00e9der le moindre point \u00e0 S\u00e9tif. Il faut surtout pr\u00e9server notre premi\u00e8re place au classement pour au moins une autre semaine.\u00a0<br \/><strong>Comment voyez-vous cette confrontation sur un terrain neutre ?<\/strong><br \/>Certes, le match se jouera sur un\u00a0 terrain neutre mais il ne faut omettre que Magra s\u2019est habitu\u00e9e \u00e0 jouer au stade du 8-Mai-45. Ce sera son quatri\u00e8me match sur cette enceinte cette saison. Donc, les joueurs de Magra ont d\u00e9j\u00e0 leurs rep\u00e8res sur cette pelouse. Seulement, cela ne veut rien dire et le match se jouera sur le terrain durant 90 minutes. Le match sera compliqu\u00e9 puisque l\u2019adversaire jouera \u00e0 fond contre le Mouloudia. Le MCA est l\u2019\u00e9quipe \u00e0 battre. De notre c\u00f4t\u00e9, nous n\u2019allons pas c\u00e9der le moindre point samedi. On sait comment faire basculer le match en notre faveur et \u00e9viter toute mauvaise surprise face \u00e0 Magra.<br \/><strong>Vous allez disputer votre premier match de la saison en tant que titulaire. \u00cates-vous pr\u00eat \u00e0 bien assumer votre r\u00f4le?<\/strong><br \/>Vous m\u2019avez pos\u00e9 cette question \u00e0 maintes reprises et je vous r\u00e9pondrai la m\u00eame chose: je suis un professionnel et en d\u00e9pit de mon statut de rempla\u00e7ant, je bosse d\u2019arrache-pied et je suis toujours concentr\u00e9 sur mon travail. Je m\u2019entra\u00eene avec tout le s\u00e9rieux voulu et je vise \u00e0 progresser \u00e0 chaque entra\u00eenement. Si le staff technique me fait confiance, je ferai en sorte de ne pas le d\u00e9cevoir. Je suis pr\u00eat \u00e0 apporter un plus \u00e0 l\u2019\u00e9quipe et inch\u2019Allah, je me donnerai \u00e0 fond samedi pour contribuer \u00e0 un excellent r\u00e9sultat face \u00e0 Magra. En tout cas, il y a un groupe et nul n\u2019est titulaire indiscutable.<br \/><strong>Le tirage au sort de la Coupe arabe aura lieu samedi. Votre pr\u00e9f\u00e9rence pour le prochain adversaire du MCA ?<\/strong><br \/>On aimerait bien tomber sur une modeste formation et augmenter nos chances de qualification aux huiti\u00e8mes de finale. Mais il faut \u00eatre sinc\u00e8re, celui qui vise \u00e0 gagner cette coupe doit \u00eatre pr\u00eat \u00e0 affronter n\u2019importe quel adversaire. Cette comp\u00e9tition demeure l\u2019un de nos objectifs.<br \/>\u00a0<\/p>\n<\/div>\n<p>Auteur:<br \/>\n<a href=\"http:\/\/www.lebuteur.com\/article\/detail?titre=mca-benaldjia-on-empochera-la-totalite-des-points-face-a-magra&#038;id=92119&#038;utm_source=feedburner&#038;utm_medium=feed&#038;utm_campaign=Feed%3A+GalerieFArtciles+%28Les+derniers+articles++-+lebuteur.com%29\">Cliquez ici pour lire l&rsquo;article depuis sa source.<\/a><\/p>\n","protected":false},"excerpt":{"rendered":"<p>Auteur : M. L. samedi 05 octobre 2019 17:32 D\u2019abord, comment est l\u2019ambiance au sein du groupe, apr\u00e8s votre qualification face \u00e0 Dhofar d\u2019Oman ?Sur le plan psychologique, tout se passe \u00e0 merveille. Vous savez, lorsque les r\u00e9sultats se suivent, l\u2019ambiance est toujours parfaite et il y r\u00e8gne ainsi de la bonne humeur entre les [&hellip;]<\/p>\n","protected":false},"author":1738,"featured_media":63399,"comment_status":"closed","ping_status":"closed","sticky":false,"template":"","format":"standard","meta":{"fifu_image_url":"","fifu_image_alt":"","footnotes":""},"categories":[53,75],"tags":[],"class_list":["post-63398","post","type-post","status-publish","format-standard","has-post-thumbnail","hentry","category-algerie","category-sport"],"_links":{"self":[{"href":"https:\/\/linitiative.ca\/International\/wp-json\/wp\/v2\/posts\/63398","targetHints":{"allow":["GET"]}}],"collection":[{"href":"https:\/\/linitiative.ca\/International\/wp-json\/wp\/v2\/posts"}],"about":[{"href":"https:\/\/linitiative.ca\/International\/wp-json\/wp\/v2\/types\/post"}],"author":[{"embeddable":true,"href":"https:\/\/linitiative.ca\/International\/wp-json\/wp\/v2\/users\/1738"}],"replies":[{"embeddable":true,"href":"https:\/\/linitiative.ca\/International\/wp-json\/wp\/v2\/comments?post=63398"}],"version-history":[{"count":0,"href":"https:\/\/linitiative.ca\/International\/wp-json\/wp\/v2\/posts\/63398\/revisions"}],"wp:featuredmedia":[{"embeddable":true,"href":"https:\/\/linitiative.ca\/International\/wp-json\/"}],"wp:attachment":[{"href":"https:\/\/linitiative.ca\/International\/wp-json\/wp\/v2\/media?parent=63398"}],"wp:term":[{"taxonomy":"category","embeddable":true,"href":"https:\/\/linitiative.ca\/International\/wp-json\/wp\/v2\/categories?post=63398"},{"taxonomy":"post_tag","embeddable":true,"href":"https:\/\/linitiative.ca\/International\/wp-json\/wp\/v2\/tags?post=63398"}],"curies":[{"name":"wp","href":"https:\/\/api.w.org\/{rel}","templated":true}]}}