{"id":63414,"date":"2019-10-05T14:34:14","date_gmt":"2019-10-05T18:34:14","guid":{"rendered":"https:\/\/linitiative.ca\/International\/95250-football-l-olympique-de-marseille-ouvrira-bientot-une-ecole-a-alger\/"},"modified":"2019-10-05T14:34:14","modified_gmt":"2019-10-05T18:34:14","slug":"95250-football-l-olympique-de-marseille-ouvrira-bientot-une-ecole-a-alger","status":"publish","type":"post","link":"https:\/\/linitiative.ca\/International\/95250-football-l-olympique-de-marseille-ouvrira-bientot-une-ecole-a-alger\/","title":{"rendered":"Football : l&rsquo;Olympique de Marseille ouvrira bient\u00f4t une \u00e9cole \u00e0 Alger"},"content":{"rendered":"<div>\n<div class=\"K2FeedImage\"><img decoding=\"async\" src=\"http:\/\/www.aps.dz\/media\/k2\/items\/cache\/9bbfbf9fd4e64f46f5ed2fd5eefd6ebf_S.jpg\" alt=\"Football : l'Olympique de Marseille ouvrira bient\u00f4t une \u00e9cole \u00e0 Alger\"><\/div>\n<div class=\"K2FeedIntroText\">\n<p><strong>ALGER &#8211; L&rsquo;OM School Alger sera la premi\u00e8re \u00e9cole de football de l&rsquo;Olympique de Marseille en Alg\u00e9rie, et elle ouvrira bient\u00f4t ses portes au niveau du Complexe \u00ab\u00a0Foot Five\u00a0\u00bb de Staou\u00e9li (Alger).<\/strong><\/p>\n<\/div>\n<div class=\"K2FeedFullText\">\n<p>L&rsquo;annonce officielle se fera mardi, lors d&rsquo;une conf\u00e9rence de presse, pr\u00e9vue \u00e0 partir de 10h30, au Complexe \u00ab\u00a0Foot Five\u00a0\u00bb de Staou\u00e9li.<\/p>\n<p>\u00ab\u00a0Cette conf\u00e9rence sera marqu\u00e9e par la pr\u00e9sence de Laurent Colette, Directeur G\u00e9n\u00e9ral de l&rsquo;OM, ainsi que l&rsquo;Ambassadeur du club Phoc\u00e9en, Basile Boli et quelques repr\u00e9sentants du football alg\u00e9rien\u00a0\u00bb ont encore d\u00e9taill\u00e9 les organisateurs.<\/p>\n<p>Le programme de l&rsquo;OM School, qui s&rsquo;adresse aux enfants de 5-16 ans (gar\u00e7ons et filles), a \u00e9t\u00e9 lanc\u00e9 en ao\u00fbt 2019, sous l&rsquo;encadrement technique d&rsquo;entra\u00eeneurs de l&rsquo;OM.<\/p>\n<p>Ce programme comprend trois s\u00e9ances d&rsquo;entra\u00eenement par semaine, une participation aux comp\u00e9titions locales, et permet une int\u00e9gration r\u00e9elle dans la communaut\u00e9 et le march\u00e9 local.<\/p>\n<p>Avant de d\u00e9barquer en Alg\u00e9rie, l&rsquo;OM avait fait un crochet par la Tunisie, o\u00f9 elle a commenc\u00e9 par ouvrir une \u00e9cole similaire \u00e0 Tunis, en ao\u00fbt dernier.<\/p>\n<\/div>\n<p><img loading=\"lazy\" decoding=\"async\" src=\"http:\/\/feeds.feedburner.com\/~r\/aps-sport\/~4\/tyP0mO_OvuQ\" height=\"1\" width=\"1\" alt=\"\"><\/div>\n<p>Auteur:<br \/>\n<a href=\"http:\/\/www.aps.dz\/sport\/95250-football-l-olympique-de-marseille-ouvrira-bientot-une-ecole-a-alger?utm_source=feedburner&#038;utm_medium=feed&#038;utm_campaign=Feed%3A+aps-sport+%28APS+-+SPORT%29\">Cliquez ici pour lire l&rsquo;article depuis sa source.<\/a><\/p>\n","protected":false},"excerpt":{"rendered":"<p>ALGER &#8211; L&rsquo;OM School Alger sera la premi\u00e8re \u00e9cole de football de l&rsquo;Olympique de Marseille en Alg\u00e9rie, et elle ouvrira bient\u00f4t ses portes au niveau du Complexe \u00ab\u00a0Foot Five\u00a0\u00bb de Staou\u00e9li (Alger). L&rsquo;annonce officielle se fera mardi, lors d&rsquo;une conf\u00e9rence de presse, pr\u00e9vue \u00e0 partir de 10h30, au Complexe \u00ab\u00a0Foot Five\u00a0\u00bb de Staou\u00e9li. \u00ab\u00a0Cette conf\u00e9rence [&hellip;]<\/p>\n","protected":false},"author":1790,"featured_media":63415,"comment_status":"closed","ping_status":"closed","sticky":false,"template":"","format":"standard","meta":{"fifu_image_url":"","fifu_image_alt":"","footnotes":""},"categories":[53,75],"tags":[],"class_list":["post-63414","post","type-post","status-publish","format-standard","has-post-thumbnail","hentry","category-algerie","category-sport"],"_links":{"self":[{"href":"https:\/\/linitiative.ca\/International\/wp-json\/wp\/v2\/posts\/63414","targetHints":{"allow":["GET"]}}],"collection":[{"href":"https:\/\/linitiative.ca\/International\/wp-json\/wp\/v2\/posts"}],"about":[{"href":"https:\/\/linitiative.ca\/International\/wp-json\/wp\/v2\/types\/post"}],"author":[{"embeddable":true,"href":"https:\/\/linitiative.ca\/International\/wp-json\/wp\/v2\/users\/1790"}],"replies":[{"embeddable":true,"href":"https:\/\/linitiative.ca\/International\/wp-json\/wp\/v2\/comments?post=63414"}],"version-history":[{"count":0,"href":"https:\/\/linitiative.ca\/International\/wp-json\/wp\/v2\/posts\/63414\/revisions"}],"wp:featuredmedia":[{"embeddable":true,"href":"https:\/\/linitiative.ca\/International\/wp-json\/"}],"wp:attachment":[{"href":"https:\/\/linitiative.ca\/International\/wp-json\/wp\/v2\/media?parent=63414"}],"wp:term":[{"taxonomy":"category","embeddable":true,"href":"https:\/\/linitiative.ca\/International\/wp-json\/wp\/v2\/categories?post=63414"},{"taxonomy":"post_tag","embeddable":true,"href":"https:\/\/linitiative.ca\/International\/wp-json\/wp\/v2\/tags?post=63414"}],"curies":[{"name":"wp","href":"https:\/\/api.w.org\/{rel}","templated":true}]}}