{"id":63416,"date":"2019-10-05T13:03:00","date_gmt":"2019-10-05T17:03:00","guid":{"rendered":"https:\/\/linitiative.ca\/International\/3eme-assemblee-generale-dafripol-concertation-sur-les-moyens-de-renforcer-la-cooperation-policiere\/"},"modified":"2019-10-05T13:03:00","modified_gmt":"2019-10-05T17:03:00","slug":"3eme-assemblee-generale-dafripol-concertation-sur-les-moyens-de-renforcer-la-cooperation-policiere","status":"publish","type":"post","link":"https:\/\/linitiative.ca\/International\/3eme-assemblee-generale-dafripol-concertation-sur-les-moyens-de-renforcer-la-cooperation-policiere\/","title":{"rendered":"3EME ASSEMBLEE GENERALE D\u2019AFRIPOL : Concertation sur les moyens de renforcer la coop\u00e9ration polici\u00e8re"},"content":{"rendered":"<p><br id=\"sep_para_1\" class=\"sep_para access\"\/><\/p>\n<div id=\"para_1\" class=\"para_33353479 resize\">\n<div class=\"texte access firstletter\">Le Directeur g\u00e9n\u00e9ral de la S\u00fbret\u00e9 nationale et pr\u00e9sident de l&rsquo;Assembl\u00e9e g\u00e9n\u00e9rale du m\u00e9canisme de coop\u00e9ration polici\u00e8re de l&rsquo;Union Africaine (Afripol), Khelifa Ounissi s&rsquo;est entretenu avec les chefs des d\u00e9l\u00e9gations ayant particip\u00e9 aux travaux de la 3\u00e8me Assembl\u00e9e g\u00e9n\u00e9rale d&rsquo;Afripol, sur les moyens de renforcer la coop\u00e9ration polici\u00e8re, aux plans bilat\u00e9ral, r\u00e9gional et international, a indiqu\u00e9, ce vendredi, un communiqu\u00e9 de la Direction g\u00e9n\u00e9rale de la s\u00fbret\u00e9 nationale (DGSN). A l&rsquo;issue de ces travaux tenus \u00e0 Alger, M. Ounissi s&rsquo;est entretenu avec ses homologues et chefs de d\u00e9l\u00e9gations du Soudan, Guin\u00e9e, Sierra Leone et Zimbabwe, avec lesquels il a \u00e9voqu\u00e9 les moyens de renforcer la coop\u00e9ration polici\u00e8re, aux plans bilat\u00e9ral, r\u00e9gional et international, \u00ab\u00a0dans l&rsquo;objectif d&rsquo;unifier les visions et de coordonner les efforts afin de faire face \u00e0 toutes formes de criminalit\u00e9, notamment le crime transfrontalier, le crime organis\u00e9 et l&rsquo;extr\u00e9misme violent\u00a0\u00bb. Les entretiens ont permis \u00ab\u00a0l&rsquo;examen des moyens du d\u00e9veloppement des m\u00e9canismes d&rsquo;action entre les polices des deux pays et de leur renforcement dans le cadre d&rsquo;Afripol\u00a0\u00bb, a ajout\u00e9 la m\u00eame source.<\/div>\n<\/div>\n<p>Auteur: Nadine<br \/>\n<a href=\"https:\/\/www.reflexiondz.net\/3EME-ASSEMBLEE-GENERALE-D-AFRIPOL-Concertation-sur-les-moyens-de-renforcer-la-cooperation-policiere_a58029.html\">Cliquez ici pour lire l&rsquo;article depuis sa source.<\/a><\/p>\n","protected":false},"excerpt":{"rendered":"<p>Le Directeur g\u00e9n\u00e9ral de la S\u00fbret\u00e9 nationale et pr\u00e9sident de l&rsquo;Assembl\u00e9e g\u00e9n\u00e9rale du m\u00e9canisme de coop\u00e9ration polici\u00e8re de l&rsquo;Union Africaine (Afripol), Khelifa Ounissi s&rsquo;est entretenu avec les chefs des d\u00e9l\u00e9gations ayant particip\u00e9 aux travaux de la 3\u00e8me Assembl\u00e9e g\u00e9n\u00e9rale d&rsquo;Afripol, sur les moyens de renforcer la coop\u00e9ration polici\u00e8re, aux plans bilat\u00e9ral, r\u00e9gional et international, a [&hellip;]<\/p>\n","protected":false},"author":1740,"featured_media":0,"comment_status":"closed","ping_status":"closed","sticky":false,"template":"","format":"standard","meta":{"fifu_image_url":"","fifu_image_alt":"","footnotes":""},"categories":[53,76],"tags":[],"class_list":["post-63416","post","type-post","status-publish","format-standard","hentry","category-algerie","category-regions"],"_links":{"self":[{"href":"https:\/\/linitiative.ca\/International\/wp-json\/wp\/v2\/posts\/63416","targetHints":{"allow":["GET"]}}],"collection":[{"href":"https:\/\/linitiative.ca\/International\/wp-json\/wp\/v2\/posts"}],"about":[{"href":"https:\/\/linitiative.ca\/International\/wp-json\/wp\/v2\/types\/post"}],"author":[{"embeddable":true,"href":"https:\/\/linitiative.ca\/International\/wp-json\/wp\/v2\/users\/1740"}],"replies":[{"embeddable":true,"href":"https:\/\/linitiative.ca\/International\/wp-json\/wp\/v2\/comments?post=63416"}],"version-history":[{"count":0,"href":"https:\/\/linitiative.ca\/International\/wp-json\/wp\/v2\/posts\/63416\/revisions"}],"wp:attachment":[{"href":"https:\/\/linitiative.ca\/International\/wp-json\/wp\/v2\/media?parent=63416"}],"wp:term":[{"taxonomy":"category","embeddable":true,"href":"https:\/\/linitiative.ca\/International\/wp-json\/wp\/v2\/categories?post=63416"},{"taxonomy":"post_tag","embeddable":true,"href":"https:\/\/linitiative.ca\/International\/wp-json\/wp\/v2\/tags?post=63416"}],"curies":[{"name":"wp","href":"https:\/\/api.w.org\/{rel}","templated":true}]}}