{"id":63417,"date":"2019-10-05T13:03:00","date_gmt":"2019-10-05T17:03:00","guid":{"rendered":"https:\/\/linitiative.ca\/International\/hafid-derradji-evite-de-rentrer-en-algerie\/"},"modified":"2019-10-05T13:03:00","modified_gmt":"2019-10-05T17:03:00","slug":"hafid-derradji-evite-de-rentrer-en-algerie","status":"publish","type":"post","link":"https:\/\/linitiative.ca\/International\/hafid-derradji-evite-de-rentrer-en-algerie\/","title":{"rendered":"Hafid Derradji \u00e9vite  de rentrer en Alg\u00e9rie !"},"content":{"rendered":"<p><br id=\"sep_para_1\" class=\"sep_para access\"\/><\/p>\n<div id=\"para_1\" class=\"para_33353484 resize\">\n<div class=\"texte access firstletter\">Le journaliste et commentateur alg\u00e9rien exer\u00e7ant \u00e0 la cha\u00eene de t\u00e9l\u00e9vision qatarie Bein Sports, Hafid Derradji, a \u00e9t\u00e9 contraint de passer ses vacances estivales au Maroc, selon son entourage. Il avait \u00e9vit\u00e9 de rentrer en Alg\u00e9rie de peur d\u2019\u00eatre arr\u00eat\u00e9 en raison de ses positions politiques \u00e0 l\u2019encontre du Pouvoir actuel, selon son entourage, alors qu\u2019il a pour habitude de s\u00e9journer en Alg\u00e9rie\u00a0 en famille en \u00e9t\u00e9 et de se rendre dans son quartier d\u2019enfance, \u00e0 El Harrrach. Derradji qui occupait le poste de directeur g\u00e9n\u00e9ral adjoint de l\u2019ENTV au temps de Hamraoui Habib Chawki, a confi\u00e9 \u00e0 des proches qu\u2019il s\u2019abstenait de passer ses vacances en Alg\u00e9rie car il avait eu vent qu\u2019il risquait d\u2019\u00eatre confront\u00e9 \u00e0 des ennuis \u00e0 son arriv\u00e9e \u00e0 l\u2019a\u00e9roport international d\u2019Alger.<\/div>\n<\/div>\n<p>Auteur: R\u00e9flexion<br \/>\n<a href=\"https:\/\/www.reflexiondz.net\/Hafid-Derradji-evite-de-rentrer-en-Algerie-_a58032.html\">Cliquez ici pour lire l&rsquo;article depuis sa source.<\/a><\/p>\n","protected":false},"excerpt":{"rendered":"<p>Le journaliste et commentateur alg\u00e9rien exer\u00e7ant \u00e0 la cha\u00eene de t\u00e9l\u00e9vision qatarie Bein Sports, Hafid Derradji, a \u00e9t\u00e9 contraint de passer ses vacances estivales au Maroc, selon son entourage. Il avait \u00e9vit\u00e9 de rentrer en Alg\u00e9rie de peur d\u2019\u00eatre arr\u00eat\u00e9 en raison de ses positions politiques \u00e0 l\u2019encontre du Pouvoir actuel, selon son entourage, alors [&hellip;]<\/p>\n","protected":false},"author":1740,"featured_media":0,"comment_status":"closed","ping_status":"closed","sticky":false,"template":"","format":"standard","meta":{"fifu_image_url":"","fifu_image_alt":"","footnotes":""},"categories":[53,76],"tags":[],"class_list":["post-63417","post","type-post","status-publish","format-standard","hentry","category-algerie","category-regions"],"_links":{"self":[{"href":"https:\/\/linitiative.ca\/International\/wp-json\/wp\/v2\/posts\/63417","targetHints":{"allow":["GET"]}}],"collection":[{"href":"https:\/\/linitiative.ca\/International\/wp-json\/wp\/v2\/posts"}],"about":[{"href":"https:\/\/linitiative.ca\/International\/wp-json\/wp\/v2\/types\/post"}],"author":[{"embeddable":true,"href":"https:\/\/linitiative.ca\/International\/wp-json\/wp\/v2\/users\/1740"}],"replies":[{"embeddable":true,"href":"https:\/\/linitiative.ca\/International\/wp-json\/wp\/v2\/comments?post=63417"}],"version-history":[{"count":0,"href":"https:\/\/linitiative.ca\/International\/wp-json\/wp\/v2\/posts\/63417\/revisions"}],"wp:attachment":[{"href":"https:\/\/linitiative.ca\/International\/wp-json\/wp\/v2\/media?parent=63417"}],"wp:term":[{"taxonomy":"category","embeddable":true,"href":"https:\/\/linitiative.ca\/International\/wp-json\/wp\/v2\/categories?post=63417"},{"taxonomy":"post_tag","embeddable":true,"href":"https:\/\/linitiative.ca\/International\/wp-json\/wp\/v2\/tags?post=63417"}],"curies":[{"name":"wp","href":"https:\/\/api.w.org\/{rel}","templated":true}]}}