{"id":63418,"date":"2019-10-05T13:03:00","date_gmt":"2019-10-05T17:03:00","guid":{"rendered":"https:\/\/linitiative.ca\/International\/autorite-nationale-independante-des-elections-les-coordinateurs-des-delegations-de-wilaya-connus\/"},"modified":"2019-10-05T13:03:00","modified_gmt":"2019-10-05T17:03:00","slug":"autorite-nationale-independante-des-elections-les-coordinateurs-des-delegations-de-wilaya-connus","status":"publish","type":"post","link":"https:\/\/linitiative.ca\/International\/autorite-nationale-independante-des-elections-les-coordinateurs-des-delegations-de-wilaya-connus\/","title":{"rendered":"AUTORITE NATIONALE  INDEPENDANTE DES ELECTIONS : Les coordinateurs des d\u00e9l\u00e9gations de wilaya connus"},"content":{"rendered":"<p><br id=\"sep_para_1\" class=\"sep_para access\"\/><\/p>\n<div id=\"para_1\" class=\"para_33353477 resize\">\n<div class=\"texte access firstletter\">Les coordinateurs de d\u00e9l\u00e9gations de wilayas relevant de l&rsquo;Autorit\u00e9 nationale ind\u00e9pendante des \u00e9lections (ANIE) seront install\u00e9s officiellement, au cours de la semaine prochaine, a fait savoir, \u00e0 Alger, son pr\u00e9sident Mohamed Charfi, pr\u00e9cisant que ces coordinateurs sont des jeunes et de l&rsquo;\u00e9lite universitaire. S&rsquo;exprimant lors d&rsquo;une conf\u00e9rence de presse consacr\u00e9e \u00e0 la pr\u00e9sentation du bilan de l&rsquo;Autorit\u00e9 qu\u2019il entam\u00e9 depuis pr\u00e8s de trois semaines, M. Charfi a pr\u00e9cis\u00e9 que \u00ab\u00a090% de ces coordinateurs, \u00e2g\u00e9s de moins de 48 ans, ont un niveau universitaire et jouissent d&rsquo;une exp\u00e9rience professionnelle\u00a0\u00bb. Apr\u00e8s l&rsquo;annonce de la liste des coordinateurs des 48 wilayas, il a indiqu\u00e9 que leur choix s&rsquo;\u00e9tait repos\u00e9 sur la concertation avec le conseil de l&rsquo;Autorit\u00e9, ajoutant que ces coordinateurs jouissaient de toutes les pr\u00e9rogatives conf\u00e9r\u00e9es \u00e0 l&rsquo;ANIE, d&rsquo;autant qu&rsquo;ils \u00ab\u00a0sont responsables de tout le processus \u00e9lectoral au niveau de leurs wilayas\u00a0\u00bb. Dans un contexte pareil, M. Charfi a fait savoir que l&rsquo;ANIE \u00e9tait en passe d&rsquo;\u00e9laborer un guide de coordinateurs qui sera distribu\u00e9 \u00e0 l&rsquo;occasion de l&rsquo;organisation d&rsquo;une session de formation \u00e0 leur profit durant les jours \u00e0 venir, dans l&rsquo;objectif de fixer avec pr\u00e9cision les pr\u00e9rogatives.<\/div>\n<\/div>\n<p>Auteur: Ismain<br \/>\n<a href=\"https:\/\/www.reflexiondz.net\/AUTORITE-NATIONALE-INDEPENDANTE-DES-ELECTIONS-Les-coordinateurs-des-delegations-de-wilaya-connus_a58028.html\">Cliquez ici pour lire l&rsquo;article depuis sa source.<\/a><\/p>\n","protected":false},"excerpt":{"rendered":"<p>Les coordinateurs de d\u00e9l\u00e9gations de wilayas relevant de l&rsquo;Autorit\u00e9 nationale ind\u00e9pendante des \u00e9lections (ANIE) seront install\u00e9s officiellement, au cours de la semaine prochaine, a fait savoir, \u00e0 Alger, son pr\u00e9sident Mohamed Charfi, pr\u00e9cisant que ces coordinateurs sont des jeunes et de l&rsquo;\u00e9lite universitaire. S&rsquo;exprimant lors d&rsquo;une conf\u00e9rence de presse consacr\u00e9e \u00e0 la pr\u00e9sentation du bilan [&hellip;]<\/p>\n","protected":false},"author":1740,"featured_media":0,"comment_status":"closed","ping_status":"closed","sticky":false,"template":"","format":"standard","meta":{"fifu_image_url":"","fifu_image_alt":"","footnotes":""},"categories":[53,76],"tags":[],"class_list":["post-63418","post","type-post","status-publish","format-standard","hentry","category-algerie","category-regions"],"_links":{"self":[{"href":"https:\/\/linitiative.ca\/International\/wp-json\/wp\/v2\/posts\/63418","targetHints":{"allow":["GET"]}}],"collection":[{"href":"https:\/\/linitiative.ca\/International\/wp-json\/wp\/v2\/posts"}],"about":[{"href":"https:\/\/linitiative.ca\/International\/wp-json\/wp\/v2\/types\/post"}],"author":[{"embeddable":true,"href":"https:\/\/linitiative.ca\/International\/wp-json\/wp\/v2\/users\/1740"}],"replies":[{"embeddable":true,"href":"https:\/\/linitiative.ca\/International\/wp-json\/wp\/v2\/comments?post=63418"}],"version-history":[{"count":0,"href":"https:\/\/linitiative.ca\/International\/wp-json\/wp\/v2\/posts\/63418\/revisions"}],"wp:attachment":[{"href":"https:\/\/linitiative.ca\/International\/wp-json\/wp\/v2\/media?parent=63418"}],"wp:term":[{"taxonomy":"category","embeddable":true,"href":"https:\/\/linitiative.ca\/International\/wp-json\/wp\/v2\/categories?post=63418"},{"taxonomy":"post_tag","embeddable":true,"href":"https:\/\/linitiative.ca\/International\/wp-json\/wp\/v2\/tags?post=63418"}],"curies":[{"name":"wp","href":"https:\/\/api.w.org\/{rel}","templated":true}]}}