{"id":63419,"date":"2019-10-05T13:03:00","date_gmt":"2019-10-05T17:03:00","guid":{"rendered":"https:\/\/linitiative.ca\/International\/alerte-a-la-boisson-empoisonnee\/"},"modified":"2019-10-05T13:03:00","modified_gmt":"2019-10-05T17:03:00","slug":"alerte-a-la-boisson-empoisonnee","status":"publish","type":"post","link":"https:\/\/linitiative.ca\/International\/alerte-a-la-boisson-empoisonnee\/","title":{"rendered":"Alerte \u00e0 la boisson empoisonn\u00e9e"},"content":{"rendered":"<p><br id=\"sep_para_1\" class=\"sep_para access\"\/><\/p>\n<div id=\"para_1\" class=\"para_33353483 resize\">\n<div class=\"texte access firstletter\">L\u2019APOCE alerte et tire la sonnette d\u2019alarme. En ligne de mire : le stock de boissons de marque \u00ab Illoula \u00bb dont la date de production est ant\u00e9rieure \u00e0 octobre 2019 ! Ainsi dans une vid\u00e9o publi\u00e9e sur sa page Facebook, l\u2019Organisation alg\u00e9rienne pour la protection et l\u2019orientation du consommateur et son environnement (APOCE) alerte sur la pr\u00e9sence dans le march\u00e9 notamment, dans les caf\u00e9s et les restaurants d\u2019une boisson empoisonn\u00e9e. Un jus de marque \u00ab IIloula \u00bb dont les composants sont hautement toxiques. Contact\u00e9 par l\u2019APOCE, le fabriquant (nouveau dans le march\u00e9) admet la toxicit\u00e9 de son produit et dit que cela provient du conservateur utilis\u00e9 qui a une dur\u00e9e de vie courte. Il a, selon ses dires, retir\u00e9 du march\u00e9 la majorit\u00e9 des bouteilles commercialis\u00e9es dat\u00e9es d\u2019avant octobre.<\/div>\n<\/div>\n<p>Auteur: R\u00e9flexion<br \/>\n<a href=\"https:\/\/www.reflexiondz.net\/Alerte-a-la-boisson-empoisonnee_a58031.html\">Cliquez ici pour lire l&rsquo;article depuis sa source.<\/a><\/p>\n","protected":false},"excerpt":{"rendered":"<p>L\u2019APOCE alerte et tire la sonnette d\u2019alarme. En ligne de mire : le stock de boissons de marque \u00ab Illoula \u00bb dont la date de production est ant\u00e9rieure \u00e0 octobre 2019 ! Ainsi dans une vid\u00e9o publi\u00e9e sur sa page Facebook, l\u2019Organisation alg\u00e9rienne pour la protection et l\u2019orientation du consommateur et son environnement (APOCE) alerte [&hellip;]<\/p>\n","protected":false},"author":1740,"featured_media":0,"comment_status":"closed","ping_status":"closed","sticky":false,"template":"","format":"standard","meta":{"fifu_image_url":"","fifu_image_alt":"","footnotes":""},"categories":[53,76],"tags":[],"class_list":["post-63419","post","type-post","status-publish","format-standard","hentry","category-algerie","category-regions"],"_links":{"self":[{"href":"https:\/\/linitiative.ca\/International\/wp-json\/wp\/v2\/posts\/63419","targetHints":{"allow":["GET"]}}],"collection":[{"href":"https:\/\/linitiative.ca\/International\/wp-json\/wp\/v2\/posts"}],"about":[{"href":"https:\/\/linitiative.ca\/International\/wp-json\/wp\/v2\/types\/post"}],"author":[{"embeddable":true,"href":"https:\/\/linitiative.ca\/International\/wp-json\/wp\/v2\/users\/1740"}],"replies":[{"embeddable":true,"href":"https:\/\/linitiative.ca\/International\/wp-json\/wp\/v2\/comments?post=63419"}],"version-history":[{"count":0,"href":"https:\/\/linitiative.ca\/International\/wp-json\/wp\/v2\/posts\/63419\/revisions"}],"wp:attachment":[{"href":"https:\/\/linitiative.ca\/International\/wp-json\/wp\/v2\/media?parent=63419"}],"wp:term":[{"taxonomy":"category","embeddable":true,"href":"https:\/\/linitiative.ca\/International\/wp-json\/wp\/v2\/categories?post=63419"},{"taxonomy":"post_tag","embeddable":true,"href":"https:\/\/linitiative.ca\/International\/wp-json\/wp\/v2\/tags?post=63419"}],"curies":[{"name":"wp","href":"https:\/\/api.w.org\/{rel}","templated":true}]}}