{"id":63426,"date":"2019-10-05T04:30:00","date_gmt":"2019-10-05T08:30:00","guid":{"rendered":"https:\/\/linitiative.ca\/International\/riadh-zghal-sauver-le-pays-par-un-vote-citoyen\/"},"modified":"2019-10-05T04:30:00","modified_gmt":"2019-10-05T08:30:00","slug":"riadh-zghal-sauver-le-pays-par-un-vote-citoyen","status":"publish","type":"post","link":"https:\/\/linitiative.ca\/International\/riadh-zghal-sauver-le-pays-par-un-vote-citoyen\/","title":{"rendered":"Riadh Zghal: Sauver le pays par un vote citoyen"},"content":{"rendered":"<p>Si les r\u00e9sultats de l\u2019\u00e9lection pr\u00e9sidentielle ont repr\u00e9sent\u00e9 un choc pour tous ceux qui n\u2019\u00e9taient pas au fait des sondages pr\u00e9\u00e9lectoraux, nous voil\u00e0 maintenant devant une \u00e9ch\u00e9ance qui demande \u00e0 chaque citoyen de prendre ses responsabilit\u00e9s. La responsabilit\u00e9 r\u00e9side dans le vote aux l\u00e9gislatives avec le souci d\u2019aider \u00e0 ce que le scrutin puisse d\u00e9gager une majorit\u00e9 parlementaire permettant la gouvernabilit\u00e9 du pays. Certes les r\u00e9sultats de l\u2019\u00e9lection pr\u00e9sidentielle ont refl\u00e9t\u00e9 une r\u00e9volte qui gronde contre le gouvernement actuel et ceux qui l\u2019ont pr\u00e9c\u00e9d\u00e9, c\u2019est selon les orientations et les situations de chacun. Mais dans tous les cas, c\u2019est une d\u00e9saffection de la chose politique qui s\u2019est traduite par le choix de candidats hors des partis qui ont gouvern\u00e9 ou simplement hors du syst\u00e8me politique.<\/p>\n<p>Le vote pour NK d\u00e9note \u00e0 la fois le poids de la mis\u00e8re \u00e9conomique qui p\u00e8se sur une large frange croissante de notre peuple, la croyance dans un pr\u00e9sident salvateur et l\u2019ignorance du fait que le r\u00e9gime n\u2019est plus pr\u00e9sidentiel depuis la promulgation de la nouvelle constitution. Le vote pour KS nous dit-on est nourri par la d\u00e9ception des jeunes, particuli\u00e8rement des dipl\u00f4m\u00e9s de l\u2019enseignement sup\u00e9rieur sans emploi, oui mais pas seulement. Les conservateurs dont la r\u00e9f\u00e9rence est la religion et la langue arabe ont vot\u00e9 pour KS. C\u2019est un retour des deux piliers culturels qui ont servi \u00e0 mobiliser la population dans la lutte contre la colonisation fran\u00e7aise. On peut \u00e9galement lire dans ce vote un retour \u00e0 la probl\u00e9matique de l\u2019identit\u00e9 consid\u00e9r\u00e9e comme usurp\u00e9e par une classe politique dont beaucoup de repr\u00e9sentants sont binationaux ou ont fait une carri\u00e8re \u00e0 l\u2019\u00e9tranger.<\/p>\n<p>Si beaucoup ont \u00e9t\u00e9 choqu\u00e9s par les r\u00e9sultats du premier tour de l\u2019\u00e9lection pr\u00e9sidentielle, c\u2019est un peu parce qu\u2019on a oubli\u00e9 que l\u2019on est dans un processus d\u00e9mocratique qui est loin d\u2019\u00eatre un long fleuve tranquille. Cela d\u2019autant plus que la situation d\u2019apr\u00e8s-janvier 2011 s\u2019est d\u00e9t\u00e9rior\u00e9e sur plus d\u2019un plan. Au moment o\u00f9 il fallait mettre en avant les questions qui r\u00e9pondent \u00e0 l\u2019appel scand\u00e9 en d\u00e9cembre-janvier 2011 \u00ab Emploi, libert\u00e9, dignit\u00e9 \u00bb, on a occup\u00e9 l\u2019espace m\u00e9diatique et politique par un juridisme assourdissant et un d\u00e9bat st\u00e9rile sur l\u2019identit\u00e9 d\u2019une soci\u00e9t\u00e9 plut\u00f4t homog\u00e8ne. L\u2019\u00e9conomie, l\u2019emploi, la gouvernance ont \u00e9t\u00e9 oubli\u00e9s au profit d\u2019un conseil constitutionnel dont on peut aujourd\u2019hui appr\u00e9cier les \u00ab performances \u00bb. L\u2019argent qui devait aller \u00e0 la cr\u00e9ation de l\u2019emploi productif a \u00e9t\u00e9 utilis\u00e9 dans une approche revancharde de \u00ab d\u00e9dommagement \u00bb et de financement de nombreuses instances dites ind\u00e9pendantes. Cependant, l\u2019application juste des lois laisse encore \u00e0 d\u00e9sirer, la corruption fait tache d\u2019huile, les r\u00e9formes salvatrices de l\u2019\u00e9conomie tardent \u00e0 venir, la question des assassinats politiques n\u2019est pas encore \u00e9lucid\u00e9e\u2026<\/p>\n<p>Aujourd\u2019hui, il faut le reconna\u00eetre, on est face \u00e0 l\u2019expression pacifique d\u2019une nouvelle r\u00e9volution avec les instruments de la d\u00e9mocratie et fort heureusement non pas dans le sang, ce qui d\u00e9note la sagesse de notre peuple et son attachement \u00e0 la d\u00e9mocratie. On est dans un processus d\u00e9mocratique qu\u2019il faut r\u00e9inventer car le mod\u00e8le que l\u2019on a adopt\u00e9 bat de l\u2019aile dans plus d\u2019une vieille d\u00e9mocratie. A cet \u00e9gard et au jour d\u2019aujourd\u2019hui, il n\u2019est plus possible de faire du business politique \u00ab as usual \u00bb \u00e0 moins de courir plus d\u2019un risque : le risque de l\u2019anarchie et de l\u2019int\u00e9grisme qui se cachent dans les replis du populisme, le risque d\u2019un retour \u00e0 la dictature qui peut aussi prendre la forme d\u2019une \u00ab d\u00e9mocrature \u00bb, celui du renforcement de la corruption au point d\u2019en faire un syst\u00e8me de gouvernement \u00ab normal \u00bb et dominant, celui des conflits sanglants. Tout cela est possible. Cependant, il faudrait\u00a0 se rappeler que tout va se jouer \u00e0 travers les \u00e9lections l\u00e9gislatives. On risque de se trouver face \u00e0 l\u2019un de ces scenarii catastrophe si le scrutin ne permet pas de d\u00e9gager une majorit\u00e9 parlementaire capable de satisfaire\u00a0 \u00e0 l\u2019appel lanc\u00e9 en janvier 2014 \u00ab Le peuple veut emploi, libert\u00e9, dignit\u00e9 nationale \u00bb. A cet \u00e9gard, le vote citoyen est primordial. Les gouvernements sont bien s\u00fbr responsables de la d\u00e9gradation de la situation sur plus d\u2019un plan. Mais les citoyens aussi ont une part de responsabilit\u00e9. Ils ont contribu\u00e9 \u00e0 cette d\u00e9gradation par leur adh\u00e9sion \u00e0 une\u00a0 culture\u00a0 d\u2019assist\u00e9 sans cesse cultiv\u00e9e par\u00a0 les m\u00e9dias, par les gr\u00e8ves interminables dans des secteurs vitaux, la pollution des espaces publics, la violence, la corruption, le tire-au-flanc dans les administrations, le non-respect de la loi \u2026 Aujourd\u2019hui, ils ont l\u2019occasion de rattraper le temps perdu en tant que\u00a0 citoyens responsables qui consid\u00e8rent que participer aux \u00e9lections l\u00e9gislatives est un devoir, que ce devoir doit \u00eatre raisonn\u00e9 de mani\u00e8re \u00e0 \u00e9viter l\u2019\u00e9mergence d\u2019un parlement sans une majorit\u00e9 qui autorise la formation d\u2019un gouvernement capable de sortir le pays de la crise ou du moins d\u2019\u00e9viter le pire.<\/p>\n<p class=\"c2\"><strong>Riadh Zghal<\/strong><\/p>\n<p>Auteur:<br \/>\n<a href=\"https:\/\/www.leaders.com.tn\/article\/28126-riadh-zghal-sauver-le-pays-par-un-vote-citoyen\">Cliquez ici pour lire l&rsquo;article depuis sa source.<\/a><\/p>\n","protected":false},"excerpt":{"rendered":"<p>Si les r\u00e9sultats de l\u2019\u00e9lection pr\u00e9sidentielle ont repr\u00e9sent\u00e9 un choc pour tous ceux qui n\u2019\u00e9taient pas au fait des sondages pr\u00e9\u00e9lectoraux, nous voil\u00e0 maintenant devant une \u00e9ch\u00e9ance qui demande \u00e0 chaque citoyen de prendre ses responsabilit\u00e9s. La responsabilit\u00e9 r\u00e9side dans le vote aux l\u00e9gislatives avec le souci d\u2019aider \u00e0 ce que le scrutin puisse d\u00e9gager [&hellip;]<\/p>\n","protected":false},"author":1772,"featured_media":0,"comment_status":"closed","ping_status":"closed","sticky":false,"template":"","format":"standard","meta":{"fifu_image_url":"","fifu_image_alt":"","footnotes":""},"categories":[73,55],"tags":[],"class_list":["post-63426","post","type-post","status-publish","format-standard","hentry","category-actualite","category-tunisie"],"_links":{"self":[{"href":"https:\/\/linitiative.ca\/International\/wp-json\/wp\/v2\/posts\/63426","targetHints":{"allow":["GET"]}}],"collection":[{"href":"https:\/\/linitiative.ca\/International\/wp-json\/wp\/v2\/posts"}],"about":[{"href":"https:\/\/linitiative.ca\/International\/wp-json\/wp\/v2\/types\/post"}],"author":[{"embeddable":true,"href":"https:\/\/linitiative.ca\/International\/wp-json\/wp\/v2\/users\/1772"}],"replies":[{"embeddable":true,"href":"https:\/\/linitiative.ca\/International\/wp-json\/wp\/v2\/comments?post=63426"}],"version-history":[{"count":0,"href":"https:\/\/linitiative.ca\/International\/wp-json\/wp\/v2\/posts\/63426\/revisions"}],"wp:attachment":[{"href":"https:\/\/linitiative.ca\/International\/wp-json\/wp\/v2\/media?parent=63426"}],"wp:term":[{"taxonomy":"category","embeddable":true,"href":"https:\/\/linitiative.ca\/International\/wp-json\/wp\/v2\/categories?post=63426"},{"taxonomy":"post_tag","embeddable":true,"href":"https:\/\/linitiative.ca\/International\/wp-json\/wp\/v2\/tags?post=63426"}],"curies":[{"name":"wp","href":"https:\/\/api.w.org\/{rel}","templated":true}]}}